{"id":67480,"date":"2023-12-27T08:48:03","date_gmt":"2023-12-27T08:48:03","guid":{"rendered":"https:\/\/rdnews.al\/?p=67480"},"modified":"2023-12-27T08:48:03","modified_gmt":"2023-12-27T08:48:03","slug":"berisha-kjo-gjykate-eshte-gjykata-qe-putini-burgos-sot-opoziten-e-vendit-te-tij","status":"publish","type":"post","link":"https:\/\/rdnews.al\/index.php\/2023\/12\/27\/berisha-kjo-gjykate-eshte-gjykata-qe-putini-burgos-sot-opoziten-e-vendit-te-tij\/","title":{"rendered":"Berisha: Kjo gjykat\u00eb \u00ebsht\u00eb gjykata q\u00eb Putini burgos sot opozit\u00ebn e vendit t\u00eb tij!"},"content":{"rendered":"<p>Lideri i opozit\u00ebs, Sali Berisha tha n\u00eb fjal\u00ebn e tij para protestuesve tek Gjykata e Lart\u00eb se, kjo gjykat\u00eb \u00ebsht\u00eb veg\u00ebl e Edi Ram\u00ebs dhe po p\u00ebrdoret p\u00ebr t\u00eb masakruar arritjen m\u00eb t\u00eb madhe t\u00eb shqiptar\u00ebve.<br \/>\n\u201cNj\u00eb p\u00ebrsh\u00ebndetje t\u00eb p\u00ebrzem\u00ebrt p\u00ebr ju luft\u00ebtar\u00eb t\u00eb liris\u00eb q\u00eb nisni dit\u00ebn n\u00eb revolt\u00ebn tuaj kund\u00ebr diktatur\u00ebs, q\u00eb nisni sot dit\u00ebn me revolt\u00ebn tuaj n\u00eb mbrojtje t\u00eb vlerave t\u00eb liris\u00eb.<br \/>\nN\u00eb jet\u00ebn time kam pasur privilegjin t\u2019i sh\u00ebrbej Shqip\u00ebris\u00eb n\u00eb postet m\u00eb t\u00eb larta, kam sh\u00ebrbyer si president, kam sh\u00ebrbyer si kryeminist\u00ebr.<br \/>\nKjo karrier\u00eb e gjat\u00eb n\u00eb postet publike, zhvillon te njeriu natyr\u00ebn e tij t\u00eb dyt\u00eb p\u00ebr respektimin e ligjit. Zgjohesh me ligjin, punon gjith\u00eb dit\u00ebn me ligjin, fle me ligjin dhe vet\u00ebm me ligjin vazhdon jet\u00ebn e p\u00ebrditshme.<br \/>\nP\u00ebr Sali Berish\u00ebn, ligji ai ka qen\u00eb thuajse nj\u00eb p\u00ebrcaktim gjysm\u00eb hyjnor. Nj\u00eb porosi kam pasur p\u00ebr bashk\u00ebpun\u00ebtor\u00ebt e mi dhe nuk jam lodhur duke e p\u00ebrs\u00ebritur: respektoni ligjin.<br \/>\nU b\u00eb vite q\u00eb armiqt\u00eb dhe kund\u00ebrshtar\u00ebt e mi kan\u00eb nxitur hetime shterruese ndaj meje. Dhe ka nj\u00eb arsye pse mbas kaq koh\u00ebsh, mbas kaq p\u00ebrpjekjesh, nuk kan\u00eb gjetur asnj\u00eb fakt, asnj\u00eb prov\u00eb, asnj\u00eb shkelje n\u00eb mij\u00ebra e mij\u00ebra vendime t\u00eb Sali Berish\u00ebs. Sepse un\u00eb gjithnj\u00eb kam respektuar ligjin dhe vet\u00ebm ligjin.<br \/>\nUn\u00eb kam respektuar ligjin me bindjen m\u00eb t\u00eb thell\u00eb se ai respekt \u00ebsht\u00eb m\u00ebnyra m\u00eb e sigurt p\u00ebr garantimin e lirive tuaja, p\u00ebr funksionimin e shtetit ligjor, pa t\u00eb cilin nuk ka dhe nuk mund t\u00eb ket\u00eb demokraci.<br \/>\nK\u00ebshtu q\u00eb n\u00eb k\u00ebt\u00eb aspekt, mund t\u2019u them para jush sot se v\u00ebshtir\u00eb t\u00eb gjendet nj\u00eb tjet\u00ebr t\u00eb ket\u00eb konsiderat\u00eb m\u00eb t\u00eb lart\u00eb se un\u00eb p\u00ebr ligjin.<br \/>\nKy \u00ebsht\u00eb fakt!<br \/>\nPor sot \u00ebsht\u00eb koha kur secili prej nesh duhet t\u00eb kujtoj\u00eb di\u00e7ka thelb\u00ebsore q\u00eb duket se \u00ebsht\u00eb harruar.<br \/>\n\u00c7far\u00eb \u00ebsht\u00eb ligji? Ligjet, Kushtetuta, gjykatat, jan\u00eb t\u00eb gjitha instrumente p\u00ebr t\u00eb garantuar lirit\u00eb dhe t\u00eb drejtat e njeriut.<br \/>\nAshtu si kirurgu ka bisturin\u00eb n\u00eb dor\u00eb p\u00ebr t\u00eb shp\u00ebtuar jet\u00ebn e t\u00eb s\u00ebmurit, zyrtari ka ligjin n\u00eb dor\u00eb p\u00ebr \u00ebt garantuar jet\u00ebn e njer\u00ebzve.<br \/>\nPor, meqen\u00ebse p\u00ebrmenda bisturin\u00eb, \u00e7do njeri e di se ashtu sikund\u00ebr bisturia shp\u00ebton jet\u00eb n\u00eb dor\u00ebn e mjekut, bisturia mund t\u00eb marr\u00eb jet\u00eb n\u00eb duart e kriminelit.<br \/>\nE nj\u00ebjta gj\u00eb ndodh dhe me ligjin. N\u00eb duart e zyrtarit t\u00eb p\u00ebrgjegjsh\u00ebm, ligji garanton lirit\u00eb dhe t\u00eb drejtat e njeriut. N\u00eb duart e kriminelit, ligji \u00ebsht\u00eb arma m\u00eb efi\u00e7ente p\u00ebr shtypjen dhe asgj\u00ebsimin e t\u00eb drejtave t\u00eb njeriut.<br \/>\nMos harroni kurr\u00eb k\u00ebt\u00eb. Ishte me gjykata q\u00eb Adolf Hitleri urdh\u00ebronte persekutimin e hebrenjve. Ishte me gjykata q\u00eb Enver Hoxha urdh\u00ebronte burgosjen dhe ekzekutimin e armiqve t\u00eb tij. \u00cbsht\u00eb gjykata q\u00eb Putini burgos sot opozit\u00ebn e vendit t\u00eb tij. \u00cbsht\u00eb kjo gjykat\u00eb mbrapa meje, mbrapa nesh, veg\u00ebl e Edi Ram\u00ebs, e cila sot po p\u00ebrdoret nj\u00eblloj si bisturia n\u00eb duart e kriminelit,l p\u00ebr t\u00eb masakruar arritjen m\u00eb t\u00eb madhe t\u00eb shqiptar\u00ebve, simbolin e pluralizmit politik\u201d, tha Berisha.<\/p>\n","protected":false},"excerpt":{"rendered":"<p>Lideri i opozit\u00ebs, Sali Berisha tha n\u00eb fjal\u00ebn e tij para protestuesve tek Gjykata e Lart\u00eb se, kjo gjykat\u00eb \u00ebsht\u00eb veg\u00ebl e Edi Ram\u00ebs dhe po p\u00ebrdoret p\u00ebr t\u00eb masakruar arritjen m\u00eb t\u00eb madhe t\u00eb shqiptar\u00ebve. \u201cNj\u00eb p\u00ebrsh\u00ebndetje t\u00eb p\u00ebrzem\u00ebrt p\u00ebr ju luft\u00ebtar\u00eb t\u00eb liris\u00eb q\u00eb nisni dit\u00ebn n\u00eb revolt\u00ebn tuaj kund\u00ebr diktatur\u00ebs, q\u00eb nisni &hellip;<\/p>\n","protected":false},"author":4,"featured_media":67481,"comment_status":"closed","ping_status":"closed","sticky":false,"template":"","format":"standard","meta":{"footnotes":""},"categories":[37],"tags":[],"class_list":["post-67480","post","type-post","status-publish","format-standard","has-post-thumbnail","","category-politike"],"_links":{"self":[{"href":"https:\/\/rdnews.al\/index.php\/wp-json\/wp\/v2\/posts\/67480","targetHints":{"allow":["GET"]}}],"collection":[{"href":"https:\/\/rdnews.al\/index.php\/wp-json\/wp\/v2\/posts"}],"about":[{"href":"https:\/\/rdnews.al\/index.php\/wp-json\/wp\/v2\/types\/post"}],"author":[{"embeddable":true,"href":"https:\/\/rdnews.al\/index.php\/wp-json\/wp\/v2\/users\/4"}],"replies":[{"embeddable":true,"href":"https:\/\/rdnews.al\/index.php\/wp-json\/wp\/v2\/comments?post=67480"}],"version-history":[{"count":0,"href":"https:\/\/rdnews.al\/index.php\/wp-json\/wp\/v2\/posts\/67480\/revisions"}],"wp:featuredmedia":[{"embeddable":true,"href":"https:\/\/rdnews.al\/index.php\/wp-json\/wp\/v2\/media\/67481"}],"wp:attachment":[{"href":"https:\/\/rdnews.al\/index.php\/wp-json\/wp\/v2\/media?parent=67480"}],"wp:term":[{"taxonomy":"category","embeddable":true,"href":"https:\/\/rdnews.al\/index.php\/wp-json\/wp\/v2\/categories?post=67480"},{"taxonomy":"post_tag","embeddable":true,"href":"https:\/\/rdnews.al\/index.php\/wp-json\/wp\/v2\/tags?post=67480"}],"curies":[{"name":"wp","href":"https:\/\/api.w.org\/{rel}","templated":true}]}}