{"id":67483,"date":"2023-12-27T08:53:49","date_gmt":"2023-12-27T08:53:49","guid":{"rendered":"https:\/\/rdnews.al\/?p=67483"},"modified":"2023-12-27T08:53:49","modified_gmt":"2023-12-27T08:53:49","slug":"a-ka-njeri-te-lire-sot-te-mos-pranoje-se-shumica-e-demokrateve-kane-zgjedhur-si-kreun-e-tyre-sali-berishen","status":"publish","type":"post","link":"https:\/\/rdnews.al\/index.php\/2023\/12\/27\/a-ka-njeri-te-lire-sot-te-mos-pranoje-se-shumica-e-demokrateve-kane-zgjedhur-si-kreun-e-tyre-sali-berishen\/","title":{"rendered":"A ka njeri t\u00eb lir\u00eb sot t\u00eb mos pranoj\u00eb se shumica e demokrat\u00ebve kan\u00eb zgjedhur si kreun e tyre Sali Berish\u00ebn"},"content":{"rendered":"<p>Kryetari i PD, Sali Berisha gjat\u00eb fjal\u00ebs s\u00eb tij para protestuesve tek Gjykata e Lart\u00eb shtroi pyetjen: A ka njeri t\u00eb lir\u00eb sot t\u00eb mos pranoj\u00eb se shumica e demokrat\u00ebve kan\u00eb zgjedhur si kreun e tyre Sali Berish\u00ebn? Ai tha me tej, a ka njeri t\u00eb lir\u00eb sot q\u00eb t\u00eb tresi rr\u00ebmbimin nga gjykata t\u00eb simbolit t\u00eb PD?<br \/>\n\u201cGabimi m\u00eb i madh q\u00eb mund t\u00eb b\u00ebj\u00eb qytetari \u00ebsht\u00eb q\u00eb ta marr\u00eb ligjin t\u00eb mir\u00ebqen\u00eb, lirit\u00eb e tij t\u00eb mir\u00ebqena. Kosto e k\u00ebtij gabimi \u00ebsht\u00eb vet\u00eb liria.<br \/>\nNjeriu i lir\u00eb \u00ebsht\u00eb ai q\u00eb zbaton ligjin, por duke qen\u00eb vigjilent se mos ai ligj po p\u00ebrdoret kund\u00ebr tij.<br \/>\nVet\u00ebm skllavi do pranonte q\u00eb gjykatat, q\u00eb shkelin ligjin, q\u00eb shtypin lirin\u00eb e tij, t\u00eb p\u00ebrcaktojn\u00eb fatin e tij. Kjo \u00ebsht\u00eb diferenca mes njeriut t\u00eb lir\u00eb dhe skllavit.<br \/>\nK\u00ebshtu q\u00eb a ka njeri t\u00eb lir\u00eb sot t\u00eb mos pranoj\u00eb se shumica e demokrat\u00ebve kan\u00eb zgjedhur si kreun e tyre, si lider t\u00eb PD-s\u00eb, Sali Berish\u00ebn.<br \/>\nKjo \u00ebsht\u00eb e faktuar me dy pal\u00eb zgjedhje dhe me tre vot\u00ebbesime. Kjo \u00ebsht\u00eb e faktuar me mbi 500 mij\u00eb vota jo m\u00eb larg se 7 muaj m\u00eb par\u00eb. Kjo \u00ebsht\u00eb e faktuar nga nj\u00eb proces vot\u00ebbesimi jo m\u00eb larg se nj\u00eb muaj m\u00eb par\u00eb.<br \/>\nA ka njeri t\u00eb lir\u00eb sot q\u00eb t\u00eb mos pranoj\u00eb se PD, vula, sigla, selia e saj, u p\u00ebrkasin demokrat\u00ebve dhe vet\u00ebm demokrat\u00ebve?<br \/>\nA ka njeri t\u00eb lir\u00eb sot q\u00eb t\u00eb besoj\u00eb se gjykata dhe jo demokrat\u00ebt, duhet t\u00eb vendosin se e kujt \u00ebsht\u00eb PD, vula, logoja e saj, se kush \u00ebsht\u00eb kryetari i PD?<br \/>\nA ka njeri t\u00eb lir\u00eb sot q\u00eb pajtohet se logo e partis\u00eb m\u00eb t\u00eb madhe opozitare t\u00eb vendit mund t\u00eb jepet sikur t\u00eb ishte nj\u00eb pla\u00e7k\u00eb nj\u00eb njeriu q\u00eb ka tradhtuar gjith\u00e7ka, duke nisur nga qenia e tij gjer te mb\u00ebshtet\u00ebsi m\u00eb i fundit i tij?<br \/>\nA ka njeri t\u00eb lir\u00eb sot q\u00eb mendon se Lulzim Basha mund t\u00eb b\u00ebj\u00eb nj\u00eb opozit\u00eb duke iu dh\u00ebn\u00eb simboli i PD?<br \/>\nA ka njeri t\u00eb lir\u00eb sot q\u00eb t\u00eb tresi rr\u00ebmbimin nga gjykata t\u00eb simbolit t\u00eb PD?<br \/>\nCili \u00ebsht\u00eb ai skllav q\u00eb thot\u00eb se ky vendim duhet zbatuar vet\u00ebm pse doli nga gjykata, arm\u00eb e diktatur\u00ebs s\u00eb re, e diktatur\u00ebs s\u00eb bandave, diktatur\u00ebs s\u00eb krimit?<br \/>\nCili \u00ebsht\u00eb ai skllav q\u00eb do lejoj\u00eb nj\u00eb gjykat\u00eb n\u00eb shkelje t\u00eb ligjit, me urdh\u00ebr t\u00eb Edi Ram\u00ebs, t\u2019i konfiskoj\u00eb Shqip\u00ebris\u00eb opozit\u00ebn, p\u00ebr t\u00eb cil\u00ebn ka nevoj\u00eb, si\u00e7 ka nevoj\u00eb zogu p\u00ebr ajrin p\u00ebr jet\u00ebn e tij?<br \/>\nCili \u00ebsht\u00eb ai skllav q\u00eb do lejoj\u00eb nj\u00eb gjykat\u00eb n\u00eb shkelje t\u00eb ligjit t\u00eb varros\u00eb pluralizmin n\u00eb Shqip\u00ebri?<br \/>\nKy akt ndodh vet\u00ebm e vet\u00ebm q\u00eb t\u00eb kemi nj\u00eb Shqip\u00ebri pa opozit\u00eb.<br \/>\nJo vet\u00ebm demokrat\u00ebt, por edhe \u00e7do shqiptar q\u00eb pajtohet me k\u00ebt\u00eb vendim, do pranoj\u00eb nj\u00eb n\u00ebnshtrim posht\u00ebrues.<br \/>\nJan\u00eb 600 mij\u00eb shqiptar\u00eb q\u00eb k\u00ebt\u00eb vendim nuk mund ta pranojn\u00eb kurr\u00eb.<br \/>\nJan\u00eb 2 milion\u00eb shqiptar\u00eb q\u00eb me k\u00ebt\u00eb vendim duan t\u2019i l\u00ebn\u00eb pa nj\u00eb opozit\u00eb p\u00ebr t\u2019i mbrojtur nj\u00eb regjim\u201d, u shpreh Berisha.<\/p>\n","protected":false},"excerpt":{"rendered":"<p>Kryetari i PD, Sali Berisha gjat\u00eb fjal\u00ebs s\u00eb tij para protestuesve tek Gjykata e Lart\u00eb shtroi pyetjen: A ka njeri t\u00eb lir\u00eb sot t\u00eb mos pranoj\u00eb se shumica e demokrat\u00ebve kan\u00eb zgjedhur si kreun e tyre Sali Berish\u00ebn? Ai tha me tej, a ka njeri t\u00eb lir\u00eb sot q\u00eb t\u00eb tresi rr\u00ebmbimin nga gjykata t\u00eb &hellip;<\/p>\n","protected":false},"author":4,"featured_media":67484,"comment_status":"closed","ping_status":"closed","sticky":false,"template":"","format":"standard","meta":{"footnotes":""},"categories":[37],"tags":[],"class_list":["post-67483","post","type-post","status-publish","format-standard","has-post-thumbnail","","category-politike"],"_links":{"self":[{"href":"https:\/\/rdnews.al\/index.php\/wp-json\/wp\/v2\/posts\/67483","targetHints":{"allow":["GET"]}}],"collection":[{"href":"https:\/\/rdnews.al\/index.php\/wp-json\/wp\/v2\/posts"}],"about":[{"href":"https:\/\/rdnews.al\/index.php\/wp-json\/wp\/v2\/types\/post"}],"author":[{"embeddable":true,"href":"https:\/\/rdnews.al\/index.php\/wp-json\/wp\/v2\/users\/4"}],"replies":[{"embeddable":true,"href":"https:\/\/rdnews.al\/index.php\/wp-json\/wp\/v2\/comments?post=67483"}],"version-history":[{"count":0,"href":"https:\/\/rdnews.al\/index.php\/wp-json\/wp\/v2\/posts\/67483\/revisions"}],"wp:featuredmedia":[{"embeddable":true,"href":"https:\/\/rdnews.al\/index.php\/wp-json\/wp\/v2\/media\/67484"}],"wp:attachment":[{"href":"https:\/\/rdnews.al\/index.php\/wp-json\/wp\/v2\/media?parent=67483"}],"wp:term":[{"taxonomy":"category","embeddable":true,"href":"https:\/\/rdnews.al\/index.php\/wp-json\/wp\/v2\/categories?post=67483"},{"taxonomy":"post_tag","embeddable":true,"href":"https:\/\/rdnews.al\/index.php\/wp-json\/wp\/v2\/tags?post=67483"}],"curies":[{"name":"wp","href":"https:\/\/api.w.org\/{rel}","templated":true}]}}