{"id":67491,"date":"2023-12-27T09:09:42","date_gmt":"2023-12-27T09:09:42","guid":{"rendered":"https:\/\/rdnews.al\/?p=67491"},"modified":"2023-12-27T09:09:42","modified_gmt":"2023-12-27T09:09:42","slug":"berisha-kjo-eshte-diktature-jemi-ne-beteje-per-lirine-e-shqiptareve-per-dinjitetin-e-tyre","status":"publish","type":"post","link":"https:\/\/rdnews.al\/index.php\/2023\/12\/27\/berisha-kjo-eshte-diktature-jemi-ne-beteje-per-lirine-e-shqiptareve-per-dinjitetin-e-tyre\/","title":{"rendered":"Berisha: Kjo \u00ebsht\u00eb diktatur\u00eb! Jemi n\u00eb betej\u00eb p\u00ebr lirin\u00eb e shqiptar\u00ebve, p\u00ebr dinjitetin e tyre!"},"content":{"rendered":"<p>Kryetari i PD, Sali Berisha tha para protestuesve se, kur kreu i opozit\u00ebs burgoset pa asnj\u00eb akuz\u00eb, burgoset dhe i ndalohen takimet dhe komunikimet, kjo \u00ebsht\u00eb diktatur\u00eb!<br \/>\n\u201cPrap\u00eb sot, gjykata do vendos\u00eb p\u00ebr masat kund\u00ebr Sali Berish\u00ebs.<br \/>\nU shkel Kushtetuta duke u k\u00ebrkuar heqja e liris\u00eb p\u00ebr Sali Berish\u00ebn pa kaluar n\u00eb Kuvend.<br \/>\nGjithashtu u shkel\u00ebn ligjet dhe rregullorja e Kuvendit n\u00eb m\u00ebnyr\u00ebn se si u votua heqja e imunitetit t\u00eb tij.<br \/>\nNuk po p\u00ebrmend as standardin e dyfisht\u00eb dhe antiligjor t\u00eb Gjykat\u00ebs Kushtetuese.<br \/>\nLe t\u2019i l\u00ebm\u00eb m\u00ebnjan\u00eb k\u00ebto, por m\u00eb thoni ju mua, pse duhet ky\u00e7ur n\u00eb sht\u00ebpi pa asnj\u00eb dokument, fakt apo prov\u00eb Sali Berisha? Vet\u00ebm e vet\u00ebm pse i ka kallur tmerrin, dat\u00ebn, monstr\u00ebs s\u00eb pluralizmit, bastardit t\u00eb xhelat\u00ebve t\u00eb diktatur\u00ebs komuniste, Edi Ram\u00ebs.<br \/>\nPse u dashkan ndaluar komunikimet publike t\u00eb Sali Berish\u00ebs?<br \/>\nDo i perifrazoj nj\u00eb fjal\u00eb zonj\u00ebs Rama, e cila pak vite m\u00eb par\u00eb mblodhi gazetar\u00ebt n\u00eb Pallatin e Brigadave dhe u lexoi fjalimin e gjilp\u00ebrave t\u00eb helmuara. U tha se me artikujt tuaj, i b\u00ebni gjilp\u00ebra helmi burrit tim dhe mua.<br \/>\nProblemi i tij \u00ebsht\u00eb se denoncimet tona i ka si helm se \u00ebsht\u00eb m\u00ebkatar.<br \/>\nPor natyrisht nuk mund t\u00eb b\u00ebhet fjal\u00eb p\u00ebr nj\u00eb grua, p\u00ebr nj\u00eb vajz\u00eb t\u00eb korruptuar n\u00eb Shqip\u00ebri, pa cituar thjeshtr\u00ebn e tij, e cila pasurohet dit\u00ebn dhe nat\u00ebn, kur fle dhe kur zbavitet, vet\u00ebm e vet\u00ebm fal\u00eb njerkut t\u00eb art\u00eb, fal\u00eb t\u00eb cilit fiton \u00e7do tender dhe asgj\u00ebson \u00e7do konkurrent.<br \/>\nNuk mund t\u00eb flitet p\u00ebr nj\u00eb grua t\u00eb korruptuar, kur nuk p\u00ebrmendet Linda, q\u00eb kritikat i merr p\u00ebr helmime, n\u00eb nj\u00eb koh\u00eb kur fiton me parat\u00eb e donator\u00ebve \u00e7do projekt t\u00eb bashk\u00ebpunimit me qeverin\u00eb, q\u00eb t\u00eb gjitha k\u00ebto n\u00eb kund\u00ebrshtim me ligjin dhe Kushtetut\u00ebn.<br \/>\nNdaj dhe ata mendojn\u00eb se duke m\u00eb hequr t\u00eb drejt\u00ebn e komunikimit, do shp\u00ebtojn\u00eb nga kritikat, do shp\u00ebtojn\u00eb nga sulmet e merituara.<br \/>\nSot ne duhet t\u00eb k\u00ebrkojm\u00eb v\u00ebmendjen e \u00e7do shqiptari se kur gjykatat p\u00ebrdoren si arm\u00eb kund\u00ebr opozit\u00ebs, kjo \u00ebsht\u00eb diktatur\u00eb.<br \/>\nKur partis\u00eb m\u00eb t\u00eb madhe i konfiskohet haptas logoja dhe vula, kjo \u00ebsht\u00eb diktatur\u00eb.<br \/>\nKur logoja e partis\u00eb m\u00eb t\u00eb madhe opozitare k\u00ebrkohet t\u2019i jepet nj\u00eb personi q\u00eb dihet bot\u00ebrisht se \u00ebsht\u00eb peng i Edi Ram\u00ebs, kjo \u00ebsht\u00eb diktatur\u00eb.<br \/>\nKur kreu i opozit\u00ebs pa asnj\u00eb akuz\u00eb burgoset dhe i ndalohen takimet dhe komunikimet, kjo \u00ebsht\u00eb diktatur\u00eb.<br \/>\nShqiptar\u00eb zgjohuni se po ndodh ajo q\u00eb ka ndodhur n\u00eb Rusin\u00eb e Putinit, me Bjellorusin\u00eb e Lukashenkos, me Venezuel\u00ebn e Maduros dhue junt\u00ebn ushtarake t\u00eb Mianmarit.<br \/>\nP\u00ebr t\u00eb gjitha k\u00ebto, kjo nuk \u00ebsht\u00eb betej\u00eb e Sali Berish\u00ebs, ndon\u00ebse un\u00eb po burgosem n\u00eb m\u00ebnyr\u00ebn m\u00eb t\u00eb padrejt\u00eb.<br \/>\nKjo \u00ebsht\u00eb betej\u00eb p\u00ebr lirin\u00eb e shqiptar\u00ebve, p\u00ebr dinjitetin e tyre apo n\u00ebnshtrimin e tyre. A do e fitojm\u00eb ne k\u00ebt\u00eb betej\u00eb? Absolutisht po!\u201d, tha Berisha.<\/p>\n","protected":false},"excerpt":{"rendered":"<p>Kryetari i PD, Sali Berisha tha para protestuesve se, kur kreu i opozit\u00ebs burgoset pa asnj\u00eb akuz\u00eb, burgoset dhe i ndalohen takimet dhe komunikimet, kjo \u00ebsht\u00eb diktatur\u00eb! \u201cPrap\u00eb sot, gjykata do vendos\u00eb p\u00ebr masat kund\u00ebr Sali Berish\u00ebs. U shkel Kushtetuta duke u k\u00ebrkuar heqja e liris\u00eb p\u00ebr Sali Berish\u00ebn pa kaluar n\u00eb Kuvend. Gjithashtu u &hellip;<\/p>\n","protected":false},"author":4,"featured_media":0,"comment_status":"closed","ping_status":"closed","sticky":false,"template":"","format":"standard","meta":{"footnotes":""},"categories":[37],"tags":[],"class_list":["post-67491","post","type-post","status-publish","format-standard","","category-politike"],"_links":{"self":[{"href":"https:\/\/rdnews.al\/index.php\/wp-json\/wp\/v2\/posts\/67491","targetHints":{"allow":["GET"]}}],"collection":[{"href":"https:\/\/rdnews.al\/index.php\/wp-json\/wp\/v2\/posts"}],"about":[{"href":"https:\/\/rdnews.al\/index.php\/wp-json\/wp\/v2\/types\/post"}],"author":[{"embeddable":true,"href":"https:\/\/rdnews.al\/index.php\/wp-json\/wp\/v2\/users\/4"}],"replies":[{"embeddable":true,"href":"https:\/\/rdnews.al\/index.php\/wp-json\/wp\/v2\/comments?post=67491"}],"version-history":[{"count":0,"href":"https:\/\/rdnews.al\/index.php\/wp-json\/wp\/v2\/posts\/67491\/revisions"}],"wp:attachment":[{"href":"https:\/\/rdnews.al\/index.php\/wp-json\/wp\/v2\/media?parent=67491"}],"wp:term":[{"taxonomy":"category","embeddable":true,"href":"https:\/\/rdnews.al\/index.php\/wp-json\/wp\/v2\/categories?post=67491"},{"taxonomy":"post_tag","embeddable":true,"href":"https:\/\/rdnews.al\/index.php\/wp-json\/wp\/v2\/tags?post=67491"}],"curies":[{"name":"wp","href":"https:\/\/api.w.org\/{rel}","templated":true}]}}