{"id":67563,"date":"2023-12-27T17:55:26","date_gmt":"2023-12-27T17:55:26","guid":{"rendered":"https:\/\/rdnews.al\/?p=67563"},"modified":"2023-12-27T17:55:26","modified_gmt":"2023-12-27T17:55:26","slug":"pengmarrja-e-gazetarit-nga-spak-avokatet-te-hetohet-edi-rama-ka-rene-ne-pergjime","status":"publish","type":"post","link":"https:\/\/rdnews.al\/index.php\/2023\/12\/27\/pengmarrja-e-gazetarit-nga-spak-avokatet-te-hetohet-edi-rama-ka-rene-ne-pergjime\/","title":{"rendered":"Pengmarrja e gazetarit nga SPAK, avokat\u00ebt: T\u00eb hetohet Edi Rama, ka r\u00ebn\u00eb n\u00eb p\u00ebrgjime"},"content":{"rendered":"<p>Avokat\u00ebt e Elton Qynos b\u00ebn\u00eb deklarata t\u00eb forta k\u00ebt\u00eb t\u00eb m\u00ebrkur\u00eb duke th\u00ebn\u00eb se Prokuroria Speciale, p\u00ebrkund\u00ebr fakteve nuk guxon t\u00eb hetoj\u00eb kryeministrin Edi Rama.<\/p>\n<p>Pas seanc\u00ebs n\u00eb Gjykat\u00ebn e Posa\u00e7me ku u konstatuan paligjshm\u00ebri n\u00eb veprimet e SPAK lidhur kontrollin e automjetit t\u00eb gazetarit, avokati Arben Llengozi deklaroi se prokurori Behar Dibra q\u00eb po heton Qynon, \u00ebsht\u00eb n\u00eb dijeni t\u00eb disa fakteve t\u00eb b\u00ebra publike nga nj\u00eb avokat, se Edi Rama rezulton i implikuar n\u00eb disa p\u00ebrgjime q\u00eb i kan\u00eb r\u00ebn\u00eb n\u00eb dor\u00eb edhe gazetarit, teksa akuzoi organin e akuz\u00ebs se po fsheh provat.<\/p>\n<p>Mbrojt\u00ebsi tjet\u00ebr ligjor Dorian Matlija tha se Behar Dibra pranoi n\u00eb seanc\u00ebn e m\u00ebparshme q\u00eb jan\u00eb vet\u00eb prokuror\u00ebt t\u00eb cil\u00ebt duhen hetuar p\u00ebr daljen e akteve sekrete hetimore, ku nj\u00ebri prej tyre sipas tij, \u00ebsht\u00eb vet\u00eb ai q\u00eb po heton gazetarin.<\/p>\n<p>Togat e zeza e konsiderojn\u00eb t\u00eb paligjsh\u00ebm kontrollin e automjetit t\u00eb gazetarit Elton Qyno pa vendim gjykate duke urdh\u00ebruar kthimin e nj\u00eb USB-je t\u00eb gjetur brenda tij. Por nga ana tjet\u00ebr nuk u shpreh i nj\u00ebjti q\u00ebndrim p\u00ebr sendet e sekuestruara n\u00eb banes\u00eb dhe n\u00eb zyr\u00eb, si CD me k\u00ebng\u00eb popullore apo k\u00ebng\u00eb greke dhe deklarata pasurie t\u00eb zyrtar\u00ebve, subjekt i ILDKPI-s\u00eb q\u00eb gazetari thot\u00eb se i kishte p\u00ebr p\u00ebrgatitjen e shkrimeve n\u00eb vijim. Po ashtu nga Gjykata e Posa\u00e7me u refuzuan k\u00ebrkesat p\u00ebr kthimin e dy telefonave q\u00eb nj\u00ebsoj si USB-ja n\u00eb makin\u00eb, jan\u00eb marr\u00eb pa vendim gjykate n\u00eb ambientet e lokalit q\u00eb ndodhet pran\u00eb SPAK, ku ai i kishte l\u00ebn\u00eb n\u00eb ruajtje. N\u00ebn sekuestro mbeten edhe dy kompjuter\u00eb t\u00eb sekuestruar n\u00eb ambientet e pun\u00ebs dhe sht\u00ebpis\u00eb si dhe disa dokumente t\u00eb tjera.<\/p>\n<p>Mbrojtja e gazetarit pretendon se e nj\u00ebjta gjyqtare, Atalanta Zeqiraj, n\u00eb rrethana t\u00eb pakuptimta me dispozitat ligjore t\u00eb Kodit Procedur\u00ebs Penale, ka vonuar duke mos d\u00ebrguar ende dosjen penale n\u00eb Apelin e GJKKO, me q\u00ebllim gjykimin e ankimit.<\/p>\n<p>Kan\u00eb kaluar 10 dit\u00eb, q\u00eb Apeli ende nuk ka nxjerr\u00eb dat\u00eb gjykimi p\u00ebr ankimin e avokat\u00ebve, p\u00ebr shkak se gjyqtarja nuk ka \u00e7uar dosjen n\u00eb sekretarin\u00eb e Apelit. Lidhur me vendimin e k\u00ebsaj t\u00eb m\u00ebrkure avokat\u00ebt e Elton Qynos paralajm\u00ebrojn\u00eb nj\u00eb tjet\u00ebr ankim, gj\u00eb e cila b\u00ebn q\u00eb \u00e7\u00ebshtja t\u00eb gjykohet dy her\u00eb n\u00eb Apel.<\/p>\n","protected":false},"excerpt":{"rendered":"<p>Avokat\u00ebt e Elton Qynos b\u00ebn\u00eb deklarata t\u00eb forta k\u00ebt\u00eb t\u00eb m\u00ebrkur\u00eb duke th\u00ebn\u00eb se Prokuroria Speciale, p\u00ebrkund\u00ebr fakteve nuk guxon t\u00eb hetoj\u00eb kryeministrin Edi Rama. Pas seanc\u00ebs n\u00eb Gjykat\u00ebn e Posa\u00e7me ku u konstatuan paligjshm\u00ebri n\u00eb veprimet e SPAK lidhur kontrollin e automjetit t\u00eb gazetarit, avokati Arben Llengozi deklaroi se prokurori Behar Dibra q\u00eb po &hellip;<\/p>\n","protected":false},"author":4,"featured_media":66356,"comment_status":"closed","ping_status":"closed","sticky":false,"template":"","format":"standard","meta":{"footnotes":""},"categories":[37],"tags":[],"class_list":["post-67563","post","type-post","status-publish","format-standard","has-post-thumbnail","","category-politike"],"_links":{"self":[{"href":"https:\/\/rdnews.al\/index.php\/wp-json\/wp\/v2\/posts\/67563","targetHints":{"allow":["GET"]}}],"collection":[{"href":"https:\/\/rdnews.al\/index.php\/wp-json\/wp\/v2\/posts"}],"about":[{"href":"https:\/\/rdnews.al\/index.php\/wp-json\/wp\/v2\/types\/post"}],"author":[{"embeddable":true,"href":"https:\/\/rdnews.al\/index.php\/wp-json\/wp\/v2\/users\/4"}],"replies":[{"embeddable":true,"href":"https:\/\/rdnews.al\/index.php\/wp-json\/wp\/v2\/comments?post=67563"}],"version-history":[{"count":0,"href":"https:\/\/rdnews.al\/index.php\/wp-json\/wp\/v2\/posts\/67563\/revisions"}],"wp:featuredmedia":[{"embeddable":true,"href":"https:\/\/rdnews.al\/index.php\/wp-json\/wp\/v2\/media\/66356"}],"wp:attachment":[{"href":"https:\/\/rdnews.al\/index.php\/wp-json\/wp\/v2\/media?parent=67563"}],"wp:term":[{"taxonomy":"category","embeddable":true,"href":"https:\/\/rdnews.al\/index.php\/wp-json\/wp\/v2\/categories?post=67563"},{"taxonomy":"post_tag","embeddable":true,"href":"https:\/\/rdnews.al\/index.php\/wp-json\/wp\/v2\/tags?post=67563"}],"curies":[{"name":"wp","href":"https:\/\/api.w.org\/{rel}","templated":true}]}}