{"id":67565,"date":"2023-12-27T17:59:35","date_gmt":"2023-12-27T17:59:35","guid":{"rendered":"https:\/\/rdnews.al\/?p=67565"},"modified":"2023-12-27T18:00:32","modified_gmt":"2023-12-27T18:00:32","slug":"vendimi-i-kushtetueses-vasili-lajthitje-me-regji-u-vendos-neveritshem-ne-krah-te-qeverise","status":"publish","type":"post","link":"https:\/\/rdnews.al\/index.php\/2023\/12\/27\/vendimi-i-kushtetueses-vasili-lajthitje-me-regji-u-vendos-neveritshem-ne-krah-te-qeverise\/","title":{"rendered":"Vendimi i Kushtetueses\/ Vasili: Lajthitje me regji, u vendos neveritsh\u00ebm n\u00eb krah t\u00eb qeveris\u00eb"},"content":{"rendered":"<p>Deputeti i Partis\u00eb s\u00eb Liris\u00eb Petrit Vasili \u00ebsht\u00eb shprehur p\u00ebrmes nj\u00eb postimi n\u00eb rrjetet sociale se Gjykata Kushtetuese \u00ebsht\u00eb n\u00eb \u201clajthitje me regji, kund\u00ebr qytetar\u00ebve dhe pro qeveris\u00eb\u201d.<\/p>\n<p>Vasili u shpreh se brenda dy dit\u00ebsh GJK ka \u201cshfaqur dy fytyra\u201d, duke p\u00ebrmendur ankes\u00ebn e nj\u00eb qytetareje t\u00eb cil\u00ebs i \u00ebsht\u00eb zvarritur gjykimi p\u00ebr 5 vite dhe \u00ebsht\u00eb nj\u00eb nga 109 mij\u00eb rastet q\u00eb presin gjykim.<\/p>\n<p>Ai shtoi m\u00eb posht\u00eb se GJK n\u00eb momentin q\u00eb duhet t\u00eb kryente misionin e saj n\u00eb ndihm\u00eb t\u00eb qytetar\u00ebve p\u00ebr hart\u00ebn e re gjyq\u00ebsore, e cila sipas tij cenon aksesin e qytetar\u00ebve p\u00ebr drejt\u00ebsi, u vendos n\u00eb krah t\u00eb qeveris\u00eb duke legjitimuar k\u00ebt\u00eb hart\u00eb.<\/p>\n<p>Sipas tij Gjykata Kushtetuese \u00ebsht\u00eb kthyer n\u00eb nj\u00eb \u201czorr\u00eb qorre\u201d t\u00eb qeveris\u00eb dhe vendimet e saj i cil\u00ebsoi si \u201cgreminda juridke dhe morale t\u00eb pad\u00ebgjuara\u201d.<\/p>\n<p><strong>Reagimi<\/strong><\/p>\n<p>Gjykata Kushtetuese serish \u201clajthitje\u201d me regji, kunder qytetareve dhe pro qeverise!<br \/>\nGjykata Kushtetuese po perjeton ditet me te shemtuara te saj dhe partizanlleku rilindas e ka shnderruar ne nje te lajthitur mjerane, por te lajthitur totalisht me regji ama.<br \/>\nBrenda dy ditesh Gjykata Kushtetuese shfaq dy fytyra njera me shemtuar se tjetra.<br \/>\n\ud83d\udfe5 Nje ankese te nje qytetareje qe i zvarritet gjykimi per pese vjet ne apel dhe qe eshte nje nga 109 mije ceshtjet qe presin gjykim Gjykata nuk i jep asnje zgjidhje ndonese pohon se<br \/>\n\u201cGjykimi p\u00ebrtej afatit t\u00eb arsyesh\u00ebm, bazuar vet\u00ebm n\u00eb faktin se shteti ka d\u00ebshtuar t\u00eb marr\u00eb masa efikase\u201d.<\/p>\n<p>Ky konstatim i Gjykates eshte njelloj si i ndonje OJF qe ben ndonje vezhgim pa dhene as me te voglen zgjidhje.<br \/>\nNdonese Gjykata e te Drejtave te Njeriut ne Strasburg e ka shteruar kohe me pare ne vendimin e saj per \u00e7eshtjen Bara dhe Kola qe ne korrik te ketij viti si dhe ka denuar shtetin shqiptar me gjobe 2300 euro per vonesat ne dhenien e drejtesise.<br \/>\n\ud83d\udfe5 Gjykata Kushtetuese ne momentin qe serish mund te kryente misionin e saj ne ndihme te qytetareve Ankimin e Shoqates se Avokateve per Harten ere Gjyqesore.<br \/>\nKjo Harte Gjyqesore abuzive cenon rende aksesin e qytetareve per drejtesi.<br \/>\nGjykata Kushtetuese serish vendoset neveritshem ne krah te Qeverise dhe kunder qytetareve dhe rrezon ankimimin duke legjitimuar kete Harte Gjyqesore qe demton qytetaret.<br \/>\nAnullimi i kesaj harte gjyqesore mafioze do ti hapte rrugen permirsimit te detyruar te situates, kur vete Kushtetuesja ka pranuar se 109 mije dosje te pashqyrtuara jane nje skandal i frikshem me pasoja shume serioze.<br \/>\nPERFUNDIM<br \/>\nA eshte valle kaq e \u201d lajthitur\u201d Gjykata Kushtetuese??<br \/>\nJo jo nuk eshte aspak e tille.<br \/>\nArsyeja e vetme eshte se ajo eshte kthyer ne nje zorre qorre te Qeverise ndaj edhe vendimet e saj jane gremina juridike dhe morale te padegjuara.<br \/>\nKjo Gjykate Kushtetuese per kapjen dhe nivelin mizerabel te sa duhet t\u2019ja kete zili edhe Gjylates me te fundit te rrethit ne Shqiperi.<br \/>\nDe facto Shqiperia nuk ka Gjykate Kushtetuese, por vetem nje zyre shtese te Qeverise ne Kushtetuese.<br \/>\nGjyqtaret e Gjykates Kushtetuese individualisht do te kujtohen gjate si ca qenie te mjera qe pranuan te bejne edhe idiotin per ca lekurina dhe favire te nje qeverie mafioze te ciles jushiten kembe e koke.<\/p>\n","protected":false},"excerpt":{"rendered":"<p>Deputeti i Partis\u00eb s\u00eb Liris\u00eb Petrit Vasili \u00ebsht\u00eb shprehur p\u00ebrmes nj\u00eb postimi n\u00eb rrjetet sociale se Gjykata Kushtetuese \u00ebsht\u00eb n\u00eb \u201clajthitje me regji, kund\u00ebr qytetar\u00ebve dhe pro qeveris\u00eb\u201d. Vasili u shpreh se brenda dy dit\u00ebsh GJK ka \u201cshfaqur dy fytyra\u201d, duke p\u00ebrmendur ankes\u00ebn e nj\u00eb qytetareje t\u00eb cil\u00ebs i \u00ebsht\u00eb zvarritur gjykimi p\u00ebr 5 vite &hellip;<\/p>\n","protected":false},"author":4,"featured_media":67566,"comment_status":"closed","ping_status":"closed","sticky":false,"template":"","format":"standard","meta":{"footnotes":""},"categories":[37],"tags":[],"class_list":["post-67565","post","type-post","status-publish","format-standard","has-post-thumbnail","","category-politike"],"_links":{"self":[{"href":"https:\/\/rdnews.al\/index.php\/wp-json\/wp\/v2\/posts\/67565","targetHints":{"allow":["GET"]}}],"collection":[{"href":"https:\/\/rdnews.al\/index.php\/wp-json\/wp\/v2\/posts"}],"about":[{"href":"https:\/\/rdnews.al\/index.php\/wp-json\/wp\/v2\/types\/post"}],"author":[{"embeddable":true,"href":"https:\/\/rdnews.al\/index.php\/wp-json\/wp\/v2\/users\/4"}],"replies":[{"embeddable":true,"href":"https:\/\/rdnews.al\/index.php\/wp-json\/wp\/v2\/comments?post=67565"}],"version-history":[{"count":0,"href":"https:\/\/rdnews.al\/index.php\/wp-json\/wp\/v2\/posts\/67565\/revisions"}],"wp:featuredmedia":[{"embeddable":true,"href":"https:\/\/rdnews.al\/index.php\/wp-json\/wp\/v2\/media\/67566"}],"wp:attachment":[{"href":"https:\/\/rdnews.al\/index.php\/wp-json\/wp\/v2\/media?parent=67565"}],"wp:term":[{"taxonomy":"category","embeddable":true,"href":"https:\/\/rdnews.al\/index.php\/wp-json\/wp\/v2\/categories?post=67565"},{"taxonomy":"post_tag","embeddable":true,"href":"https:\/\/rdnews.al\/index.php\/wp-json\/wp\/v2\/tags?post=67565"}],"curies":[{"name":"wp","href":"https:\/\/api.w.org\/{rel}","templated":true}]}}