{"id":67577,"date":"2023-12-27T19:22:10","date_gmt":"2023-12-27T19:22:10","guid":{"rendered":"https:\/\/rdnews.al\/?p=67577"},"modified":"2023-12-28T09:35:47","modified_gmt":"2023-12-28T09:35:47","slug":"basha-nje-monster-e-veteroberuar-politike","status":"publish","type":"post","link":"https:\/\/rdnews.al\/index.php\/2023\/12\/27\/basha-nje-monster-e-veteroberuar-politike\/","title":{"rendered":"Basha, nj\u00eb monst\u00ebr e vet\u00ebrob\u00ebruar politike!"},"content":{"rendered":"<p><strong>Nga\u00a0Ndri\u00e7im KULLA<\/strong><\/p>\n<p>E pabesueshmja nuk mund t\u00eb jet\u00eb me patjet\u00ebr e pav\u00ebrtet\u00eb.<\/p>\n<p>Nga nj\u00eb kandidat me ambicie p\u00ebr kryeminist\u00ebr, sot ndodhet n\u00eb prapanicat e Edi Ram\u00ebs, si nj\u00eb rob i vetrob\u00ebruar. Kjo \u00ebsht\u00eb aq e v\u00ebrtet sa q\u00eb po t\u00eb pyes\u00ebsh\u00a0 se \u00e7far\u00eb statusi politik ka\u00a0 tashti t\u00eb del para syve nj\u00eb delenxhi i v\u00ebrtet\u00eb, ose m\u00eb mir\u00eb nj\u00eb njeri q\u00eb i jep ilustrim lapidary asaj shprehjes s\u00eb bukur t\u00eb popullit dibran \u00a0njeri\u00a0 \u201cpa din e pa iman\u201d.<\/p>\n<p>\u201cNuk kam turp dhe skeni \u00e7far\u00eb t\u00eb m\u00eb b\u00ebni\u201d- thot\u00eb sot Lulzim Basha me sjelljen e tij politike, e cila vazhdon p\u00ebrpara, sipas shprehjes s\u00eb tij t\u00eb proferuar, strikt\u00a0 n\u00eb\u00a0 axhend\u00ebn q\u00eb i ka p\u00ebrcaktuar Taulant Balla me udh\u00ebzime\u00a0 t\u00eb posa\u00e7me t\u00eb Edi Ram\u00ebs.<\/p>\n<p>\u00c7far\u00eb thon\u00eb njer\u00ebzit p\u00ebr t\u00eb sot n\u00eb politik\u00eb?<\/p>\n<p>E \u00e7far\u00eb nuk thon\u00eb! Kushdo q\u00eb e kujton m\u00eb s\u00eb shumti emrin e tij i\u00a0 vjen t\u00eb p\u00ebrziera. Sjellja shoq\u00ebrore e tij e kap\u00ebrxen ligj\u00ebsin\u00eb instiktive biologjike edhe t\u00eb kameleonit.<\/p>\n<p>Nuk e di se p\u00ebr \u00e7far\u00eb jeton, \u00e7far\u00eb k\u00ebnaq\u00ebsie i jep profesioni\u00a0 i politik\u00ebs?! Vet\u00ebm fitim\u2026?!<\/p>\n<p>Esht\u00eb i p\u00ebrfolur keq publikisht se \u00ebsht\u00eb skllav i paras\u00eb dhe pasuris\u00eb. Ndoshta kjo e intrigon aktivetin e tij q\u00eb kacavjerret n\u00eb politik\u00eb dhe jo dashuria\u00a0 p\u00ebr\u00a0 politik\u00ebn si profesion .<\/p>\n<p>Nj\u00eb personazh qesharak, q\u00eb pretendon se \u00ebsht\u00eb opozitar, kur ajo q\u00eb b\u00ebn \u00ebsht\u00eb se lufton p\u00ebr ti b\u00ebr\u00eb varrin opozitarizmit s\u00eb bashku me pushtetin. Do ishte m\u00eb e ndershme, m\u00eb e pranueshme, madje edhe m\u00eb burr\u00ebrore t\u2019i jipte nj\u00ebher\u00eb e mire fund loj\u00ebs n\u00eb sh\u00ebrbim t\u00eb pushtetit duke e mb\u00ebshtetur hapur mazhoranc\u00ebn si sh\u00ebrb\u00ebtor i pushtetit.<\/p>\n<p>Me siguri, t\u00eb majt\u00eb dhe t\u00eb djatht\u00eb do \u00e7liroheshin nga bezdia e p\u00ebrditshme e nj\u00eb vemje politike, q\u00eb duket dhe zhduket si fantazm\u00eb n\u00eb rolin e tij.<\/p>\n<p>Lul\u00ebzim Basha \u00ebsht\u00eb nj\u00eb k\u00ebpush n\u00eb trupin e votues\u00ebve shqiptar, q\u00eb ndajn\u00eb vlerat e s\u00eb djatht\u00ebs. Po a mund t\u00eb k\u00ebt\u00eb moral ky njeri i fotografuar skutaveve t\u00eb pushtetit, duke b\u00ebr\u00eb orgjit\u00eb m\u00eb t\u00eb fwlliqura me krer\u00ebt kryesor t\u00eb pushtetit, t\u00eb cilat kap\u00ebrcejn\u00eb edhe sjelljet e njer\u00ebzve q\u00eb kryejn\u00eb mardh\u00ebnie seksuale br\u00ebnda s\u00eb nj\u00ebjt\u00ebs gjini ?<\/p>\n<p>\u201cKemi nj\u00eb shembull t\u00eb bukur p\u00ebr Partin\u00eb Popullore, e cila sot mbahet n\u00eb fuqi prej bejler\u00ebve nga oxhak\u00ebt m\u00eb t\u00eb vjet\u00ebr, kurse an\u00ebtar\u00ebt e saj l\u00ebvdohen se kan\u00eb shp\u00ebtuar prej bejler\u00ebve\u201d \u2013 thoshte Noli dikur, duke u munduar t\u00eb karakterizonte anarkin\u00eb politike t\u00eb disa njer\u00ebzve q\u00eb u kishte hipur n\u00eb m\u00ebndje t\u00eb merreshin me politik\u00eb. Po edhe ky v\u00ebshtrim Nolian nuk e nx\u00eb br\u00ebnda gjith\u00eb sjelljen pa moral dhe pa busull t\u00eb Lulzim Bash\u00ebs.<\/p>\n<p>K\u00ebtu q\u00ebndron edhe \u00e7udia.<\/p>\n<p>Por edhe kjo nuk e nx\u00eb br\u00ebnda t\u00eb gjith\u00eb formatin e Lulzim Bash\u00ebn.<\/p>\n<p>Ai sot \u00ebsht\u00eb nj\u00eb autsider n\u00eb politik\u00ebs shqiptare.<\/p>\n<p>Destruktiv ndaj opozit\u00ebs me rolin e tij t\u00eb pa krahasuesh\u00ebm n\u00eb kushtet e nj\u00eb represioni dhe diversioni\u00a0 autoritarist, q\u00eb po ushtron regjimi kundra opozit\u00ebs, pluralizmit dhe demokracis\u00eb.<\/p>\n<p>Ndjehem i turp\u00ebruar q\u00eb, kur drejtonte opozit\u00ebn, e kam ndihmuar publikisht me pasion dhe p\u00ebrkushtim , ndonse si shum\u00eb t\u00eb tjer\u00eb\u00a0\u00a0 e kam b\u00ebr\u00eb p\u00ebr demokracin\u00eb dhe opozit\u00ebn, e cila natyrisht ka gjithmon nevoj p\u00ebr ndihm\u00ebn intelektuale.<\/p>\n<p>Lulzim Basha sot jeton koh\u00ebn e tij t\u00eb spekullimit politik.<\/p>\n<p>Pushteti vul\u00ebn e PD-\u00ebs e ka syrgjinosur n\u00ebp\u00ebr zyrat e gjykat\u00ebsve\u00a0 sorosian dhe Lulzim Basha si dor\u00eb e sigurt e pushtetit q\u00eb \u00ebsht\u00eb shpreson se, n\u00eb serialin e gjyqeve sorollat\u00ebse t\u00eb iskenuar prej regjimit, vula do gjej rrug\u00ebn drejt duarve t\u00eb tij. Dhe me gjasa, si\u00e7 po \u00ebnd\u00ebrron n\u00ebrmjet k\u00ebsaj dhurate, Luli do shijoj ninulla t\u00eb \u00ebmb\u00ebla, me shpres\u00eb p\u00ebr fituar magjin\u00eb e kalimit t\u00eb mosh\u00ebs s\u00eb Piter Panit n\u00eb politik\u00eb, ku ka mbetur f\u00ebmij\u00eb dhe rrenegat.<\/p>\n<p>Basha q\u00eb donim t\u00eb b\u00ebhej kryeminist\u00ebr tashti \u00ebsht\u00eb nj\u00eb monst\u00ebr e vet\u00ebrob\u00ebruar politike.<\/p>\n<p>Nj\u00eb fjal\u00eb e urt\u00eb popullore e stigmatizon n\u00eb m\u00ebnyr\u00eb t\u00eb p\u00ebrkryer , \u201dJeton shqiponja n\u00eb maj\u00eb t\u00eb malit, jeton dhe miza n\u00eb by\u2026\u00eb t\u00eb kalit\u201d<\/p>\n","protected":false},"excerpt":{"rendered":"<p>Nga\u00a0Ndri\u00e7im KULLA E pabesueshmja nuk mund t\u00eb jet\u00eb me patjet\u00ebr e pav\u00ebrtet\u00eb. Nga nj\u00eb kandidat me ambicie p\u00ebr kryeminist\u00ebr, sot ndodhet n\u00eb prapanicat e Edi Ram\u00ebs, si nj\u00eb rob i vetrob\u00ebruar. Kjo \u00ebsht\u00eb aq e v\u00ebrtet sa q\u00eb po t\u00eb pyes\u00ebsh\u00a0 se \u00e7far\u00eb statusi politik ka\u00a0 tashti t\u00eb del para syve nj\u00eb delenxhi i v\u00ebrtet\u00eb, &hellip;<\/p>\n","protected":false},"author":4,"featured_media":4886,"comment_status":"closed","ping_status":"closed","sticky":false,"template":"","format":"standard","meta":{"footnotes":""},"categories":[44],"tags":[],"class_list":["post-67577","post","type-post","status-publish","format-standard","has-post-thumbnail","","category-editorial"],"_links":{"self":[{"href":"https:\/\/rdnews.al\/index.php\/wp-json\/wp\/v2\/posts\/67577","targetHints":{"allow":["GET"]}}],"collection":[{"href":"https:\/\/rdnews.al\/index.php\/wp-json\/wp\/v2\/posts"}],"about":[{"href":"https:\/\/rdnews.al\/index.php\/wp-json\/wp\/v2\/types\/post"}],"author":[{"embeddable":true,"href":"https:\/\/rdnews.al\/index.php\/wp-json\/wp\/v2\/users\/4"}],"replies":[{"embeddable":true,"href":"https:\/\/rdnews.al\/index.php\/wp-json\/wp\/v2\/comments?post=67577"}],"version-history":[{"count":0,"href":"https:\/\/rdnews.al\/index.php\/wp-json\/wp\/v2\/posts\/67577\/revisions"}],"wp:featuredmedia":[{"embeddable":true,"href":"https:\/\/rdnews.al\/index.php\/wp-json\/wp\/v2\/media\/4886"}],"wp:attachment":[{"href":"https:\/\/rdnews.al\/index.php\/wp-json\/wp\/v2\/media?parent=67577"}],"wp:term":[{"taxonomy":"category","embeddable":true,"href":"https:\/\/rdnews.al\/index.php\/wp-json\/wp\/v2\/categories?post=67577"},{"taxonomy":"post_tag","embeddable":true,"href":"https:\/\/rdnews.al\/index.php\/wp-json\/wp\/v2\/tags?post=67577"}],"curies":[{"name":"wp","href":"https:\/\/api.w.org\/{rel}","templated":true}]}}