{"id":67581,"date":"2023-12-28T09:33:21","date_gmt":"2023-12-28T09:33:21","guid":{"rendered":"https:\/\/rdnews.al\/?p=67581"},"modified":"2023-12-28T09:33:21","modified_gmt":"2023-12-28T09:33:21","slug":"alfred-lela-per-voa-rikthimi-i-berishes-i-fuqishem","status":"publish","type":"post","link":"https:\/\/rdnews.al\/index.php\/2023\/12\/28\/alfred-lela-per-voa-rikthimi-i-berishes-i-fuqishem\/","title":{"rendered":"Alfred Lela p\u00ebr VOA: Rikthimi i Berish\u00ebs, i fuqish\u00ebm!"},"content":{"rendered":"<p>Alfred Lela, z\u00ebdh\u00ebn\u00ebsi i grupit t\u00eb Partis\u00eb Demokratike q\u00eb drejtohet nga ish-Kryeministri Sali Berisha, tha p\u00ebr Z\u00ebrin e Amerik\u00ebs, se vendimi i Gjykat\u00ebs s\u00eb Lart\u00eb mbi \u00e7\u00ebshtjen e p\u00ebrfaq\u00ebsimit zyrtar t\u00eb k\u00ebsaj force politike \u00ebsht\u00eb nj\u00eb vendim me dy tehe.<\/p>\n<p>T\u00eb m\u00ebrkur\u00ebn kjo gjykat\u00eb ktheu p\u00ebr rishqyrtim n\u00eb Gjykat\u00ebn e Apelit konfliktin mes grupimit t\u00eb zotit Berisha dhe atij t\u00eb zotit Basha, \u00e7ka u pa si nj\u00eb fitore e pjesshme p\u00ebr ish-Kryeministrin. Por zoti Lela thot\u00eb, se ajo \u00e7ka do t\u00eb ishte drejt\u00eb dhe jo vet\u00ebm p\u00ebr zotin Berisha, por edhe demokracin\u00eb n\u00eb vend, do t\u00eb ishte njohja e vullnetit t\u00eb 600 mij\u00eb qytetar\u00ebve, q\u00eb sipas tij, votuan m\u00eb 14 maj, grupimin e ish-kryeministrit.<\/p>\n<p>Zoti Lela foli dhe mbi aksionin opozitar t\u00eb mosbindjes civile q\u00eb duket se nuk ka gjetur shum\u00eb mb\u00ebshtje. Kritik\u00ebt thon\u00eb se ndon\u00ebse mes popullat\u00ebs n\u00eb vend ka pak\u00ebnaq\u00ebsi, opozita nuk ka qen\u00eb n\u00eb gjendje ta shfryt\u00ebzoj\u00eb at\u00eb, pasi duket se po merret me problemet ligjore t\u00eb zotit Berisha.<\/p>\n<p>Por sipas zotit Lela, e v\u00ebrteta nuk \u00ebsht\u00eb ajo q\u00eb duket. Ai shton se opozita ndodhen n\u00ebn represion, si nga Edi Rama ashtu edhe nga sistemi i drejt\u00ebsis\u00eb, t\u00eb cil\u00ebt i akuzoi p\u00ebr bashk\u00ebpunim mes tyre.<\/p>\n<p>Nj\u00eb nga treguesit e k\u00ebsaj lidhjeje sipas tij \u00ebsht\u00eb k\u00ebrkesa e Prokuroris\u00eb s\u00eb Posa\u00e7me q\u00eb arresti sht\u00ebpiak ndaj ish-kryeministrit, t\u00eb shoq\u00ebrohet edhe me mbik\u00ebqyrje policore.<\/p>\n<p>P\u00ebr zotin Lela, q\u00ebndrimet e disa kritik\u00ebve se me zotin Berisha, Partia Demokratike nuk mund t\u00eb vij\u00eb n\u00eb pushtet jan\u00eb pjes\u00eb e projeksionit q\u00eb ka mbjell\u00eb kund\u00ebrshtari politik, pasi faktet sipas tij tregojn\u00eb t\u00eb kund\u00ebrt\u00ebn.<\/p>\n<p>Ai thot\u00eb se zoti Berisha, arriti t\u00eb grumbulloj\u00eb 600 mij\u00eb vota, pavar\u00ebsisht nga nj\u00eb \u201crrethim i gjith\u00ebasnsh\u00ebm\u201d, edhe nga Uashingtoni e Londra, duke iu referuar p\u00ebr k\u00ebt\u00eb shpalljes non-grata, n\u00ebn akuzat p\u00ebr korrupsion madhor, nga Shtetet e Bashkuara dhe Mbret\u00ebria e Bashkuar. Zoti Lela thot\u00eb se rikthimi i Berish\u00ebs fuqish\u00ebm n\u00eb politik\u00eb, ishte i domosdosh\u00ebm, n\u00eb kushtet kur n\u00eb vend edhe sot e k\u00ebsaj dite sipas tij, nuk ka zgjedhje t\u00eb lira e t\u00eb ndershme.<\/p>\n","protected":false},"excerpt":{"rendered":"<p>Alfred Lela, z\u00ebdh\u00ebn\u00ebsi i grupit t\u00eb Partis\u00eb Demokratike q\u00eb drejtohet nga ish-Kryeministri Sali Berisha, tha p\u00ebr Z\u00ebrin e Amerik\u00ebs, se vendimi i Gjykat\u00ebs s\u00eb Lart\u00eb mbi \u00e7\u00ebshtjen e p\u00ebrfaq\u00ebsimit zyrtar t\u00eb k\u00ebsaj force politike \u00ebsht\u00eb nj\u00eb vendim me dy tehe. T\u00eb m\u00ebrkur\u00ebn kjo gjykat\u00eb ktheu p\u00ebr rishqyrtim n\u00eb Gjykat\u00ebn e Apelit konfliktin mes grupimit t\u00eb &hellip;<\/p>\n","protected":false},"author":4,"featured_media":67582,"comment_status":"closed","ping_status":"closed","sticky":false,"template":"","format":"standard","meta":{"footnotes":""},"categories":[37],"tags":[],"class_list":["post-67581","post","type-post","status-publish","format-standard","has-post-thumbnail","","category-politike"],"_links":{"self":[{"href":"https:\/\/rdnews.al\/index.php\/wp-json\/wp\/v2\/posts\/67581","targetHints":{"allow":["GET"]}}],"collection":[{"href":"https:\/\/rdnews.al\/index.php\/wp-json\/wp\/v2\/posts"}],"about":[{"href":"https:\/\/rdnews.al\/index.php\/wp-json\/wp\/v2\/types\/post"}],"author":[{"embeddable":true,"href":"https:\/\/rdnews.al\/index.php\/wp-json\/wp\/v2\/users\/4"}],"replies":[{"embeddable":true,"href":"https:\/\/rdnews.al\/index.php\/wp-json\/wp\/v2\/comments?post=67581"}],"version-history":[{"count":0,"href":"https:\/\/rdnews.al\/index.php\/wp-json\/wp\/v2\/posts\/67581\/revisions"}],"wp:featuredmedia":[{"embeddable":true,"href":"https:\/\/rdnews.al\/index.php\/wp-json\/wp\/v2\/media\/67582"}],"wp:attachment":[{"href":"https:\/\/rdnews.al\/index.php\/wp-json\/wp\/v2\/media?parent=67581"}],"wp:term":[{"taxonomy":"category","embeddable":true,"href":"https:\/\/rdnews.al\/index.php\/wp-json\/wp\/v2\/categories?post=67581"},{"taxonomy":"post_tag","embeddable":true,"href":"https:\/\/rdnews.al\/index.php\/wp-json\/wp\/v2\/tags?post=67581"}],"curies":[{"name":"wp","href":"https:\/\/api.w.org\/{rel}","templated":true}]}}