{"id":67585,"date":"2023-12-28T09:38:31","date_gmt":"2023-12-28T09:38:31","guid":{"rendered":"https:\/\/rdnews.al\/?p=67585"},"modified":"2023-12-28T09:38:31","modified_gmt":"2023-12-28T09:38:31","slug":"kercenimet-nga-serbia-shba-dergon-edhe-nje-batalion-shtese-ne-kosove","status":"publish","type":"post","link":"https:\/\/rdnews.al\/index.php\/2023\/12\/28\/kercenimet-nga-serbia-shba-dergon-edhe-nje-batalion-shtese-ne-kosove\/","title":{"rendered":"K\u00ebrc\u00ebnimet nga Serbia\/ SHBA d\u00ebrgon edhe nj\u00eb batalion shtes\u00eb n\u00eb Kosov\u00eb"},"content":{"rendered":"<p>Shtetet e Bashkuara t\u00eb Amerik\u00ebs kan\u00eb d\u00ebrguar n\u00eb Kosov\u00eb nj\u00eb batalion t\u00eb Gard\u00ebs s\u00eb Ajouas. B\u00ebhet me dije se ky mision \u00ebsht\u00eb n\u00eb mb\u00ebshtetje t\u00eb operacionit paqeruajt\u00ebs t\u00eb NATO-s n\u00eb Kosov\u00eb.<\/p>\n<p>\u201cMisioni i tyre primar do t\u00eb jet\u00eb kryerja e operacioneve t\u00eb drejtp\u00ebrdrejta ajrore, mb\u00ebshtetja p\u00ebr furnizim me karburant dhe mir\u00ebmbajtje p\u00ebr forcat e SHBA-s\u00eb, koalicionit dhe p\u00ebr forcat e Siguris\u00eb s\u00eb Kosov\u00ebs\u201d, ka njoftuar \u201ccommunitynewspapergroup\u201d.<\/p>\n<p>Aty thuhet se misioni paqeruajt\u00ebs nd\u00ebrkomb\u00ebtar i udh\u00ebhequr nga NATO-ja n\u00eb Kosov\u00eb \u00ebsht\u00eb nj\u00eb mision i q\u00ebndruesh\u00ebm q\u00eb \u00ebsht\u00eb i p\u00ebrqendruar n\u00eb stabilitetin lokal dhe rajonal brenda vendit dhe Evrop\u00ebs Lindore.<\/p>\n<p>Ceremonia e d\u00ebrgimit t\u00eb komunitetit do t\u00eb mbahet t\u00eb premten n\u00eb Qendr\u00ebn e Mb\u00ebshtetjes s\u00eb Aviacionit t\u00eb Ushtris\u00eb<\/p>\n<p>N\u00eb fillim t\u00eb viti pritet q\u00eb Gjermania t\u00eb dergoj\u00eb trupa shtes\u00eb n\u00eb Kosov\u00eb nd\u00ebrsa m\u00eb her\u00ebt ka d\u00ebrguar edhe Britania e Madhe. 1000 trupa shtes\u00eb jan\u00eb d\u00ebrguar n\u00eb Kosov\u00eb pas ngjarjeve t\u00eb fundit ku u vra nje polic i Kosov\u00ebs.<\/p>\n","protected":false},"excerpt":{"rendered":"<p>Shtetet e Bashkuara t\u00eb Amerik\u00ebs kan\u00eb d\u00ebrguar n\u00eb Kosov\u00eb nj\u00eb batalion t\u00eb Gard\u00ebs s\u00eb Ajouas. B\u00ebhet me dije se ky mision \u00ebsht\u00eb n\u00eb mb\u00ebshtetje t\u00eb operacionit paqeruajt\u00ebs t\u00eb NATO-s n\u00eb Kosov\u00eb. \u201cMisioni i tyre primar do t\u00eb jet\u00eb kryerja e operacioneve t\u00eb drejtp\u00ebrdrejta ajrore, mb\u00ebshtetja p\u00ebr furnizim me karburant dhe mir\u00ebmbajtje p\u00ebr forcat e SHBA-s\u00eb, &hellip;<\/p>\n","protected":false},"author":4,"featured_media":67586,"comment_status":"closed","ping_status":"closed","sticky":false,"template":"","format":"standard","meta":{"footnotes":""},"categories":[38],"tags":[],"class_list":["post-67585","post","type-post","status-publish","format-standard","has-post-thumbnail","","category-bota"],"_links":{"self":[{"href":"https:\/\/rdnews.al\/index.php\/wp-json\/wp\/v2\/posts\/67585","targetHints":{"allow":["GET"]}}],"collection":[{"href":"https:\/\/rdnews.al\/index.php\/wp-json\/wp\/v2\/posts"}],"about":[{"href":"https:\/\/rdnews.al\/index.php\/wp-json\/wp\/v2\/types\/post"}],"author":[{"embeddable":true,"href":"https:\/\/rdnews.al\/index.php\/wp-json\/wp\/v2\/users\/4"}],"replies":[{"embeddable":true,"href":"https:\/\/rdnews.al\/index.php\/wp-json\/wp\/v2\/comments?post=67585"}],"version-history":[{"count":0,"href":"https:\/\/rdnews.al\/index.php\/wp-json\/wp\/v2\/posts\/67585\/revisions"}],"wp:featuredmedia":[{"embeddable":true,"href":"https:\/\/rdnews.al\/index.php\/wp-json\/wp\/v2\/media\/67586"}],"wp:attachment":[{"href":"https:\/\/rdnews.al\/index.php\/wp-json\/wp\/v2\/media?parent=67585"}],"wp:term":[{"taxonomy":"category","embeddable":true,"href":"https:\/\/rdnews.al\/index.php\/wp-json\/wp\/v2\/categories?post=67585"},{"taxonomy":"post_tag","embeddable":true,"href":"https:\/\/rdnews.al\/index.php\/wp-json\/wp\/v2\/tags?post=67585"}],"curies":[{"name":"wp","href":"https:\/\/api.w.org\/{rel}","templated":true}]}}