{"id":67588,"date":"2023-12-28T09:44:16","date_gmt":"2023-12-28T09:44:16","guid":{"rendered":"https:\/\/rdnews.al\/?p=67588"},"modified":"2023-12-28T09:44:36","modified_gmt":"2023-12-28T09:44:36","slug":"partia-demoktatike-eshte-e-demokrateve-kryetari-i-partise-demokratike-eshte-sali-berisha","status":"publish","type":"post","link":"https:\/\/rdnews.al\/index.php\/2023\/12\/28\/partia-demoktatike-eshte-e-demokrateve-kryetari-i-partise-demokratike-eshte-sali-berisha\/","title":{"rendered":"Partia Demoktatike \u00ebsht\u00eb e demokrat\u00ebve! Kryetari i Partis\u00eb Demokratike \u00ebsht\u00eb Sali Berisha!"},"content":{"rendered":"<p><strong>Nga Albana VOKSHI<\/strong><\/p>\n<p>Pas nj\u00eb vonese t\u00eb pajustifikueshme disa mujore, Gjykata e Lart\u00eb ka v\u00ebrejtur shkelje t\u00eb r\u00ebnda proceduriale, q\u00eb e kan\u00eb b\u00ebr\u00eb t\u00eb c\u00ebnuesh\u00ebm vendimin e Gjykat\u00ebs s\u00eb Apelit p\u00ebr c\u00ebshtjen e Partis\u00eb Demokratike.<\/p>\n<p>Gjykata e Lart\u00eb v\u00ebren q\u00eb Gjykata e Apelit nuk ka gjykuar c\u00ebshtjet e k\u00ebrkuara n\u00eb ankimim por ka trajtuar c\u00ebshtje krejt t\u00eb tjera t\u00eb pak\u00ebrkuara\u2026<\/p>\n<p>Kush dhe cfar\u00eb e shtyu Gjykat\u00ebn e Apelit q\u00eb t\u00eb marr\u00eb nj\u00eb vendim t\u00eb till\u00eb kaq t\u00eb c\u00ebnuesh\u00ebm??<\/p>\n<p>A mbajn\u00eb p\u00ebrgjegj\u00ebsi ata gjyqtar\u00eb q\u00eb mor\u00ebn nj\u00eb vendim politik e t\u00eb ndikuar, q\u00eb mbajti peng fatin e forc\u00ebs m\u00eb t\u00eb madhe politike opozitare, e cila pik\u00ebrisht prej k\u00ebtij vendimi nuk u lejua t\u00eb hyj\u00eb n\u00eb zgjedhje me logon, simbolet zyrtare, fondet e komisioner\u00ebt q\u00eb i p\u00ebrkisnin??<\/p>\n<p>Sigurisht q\u00eb edhe rezultati i zgjedhjeve lokale do t\u00eb kishte qen\u00eb i ndrysh\u00ebm.<\/p>\n<p>Sigurisht, e drejta shpesh vonon\u2026por nuk harron\u2026 po d\u00ebmet e m\u00ebdha shkaktuar dhjet\u00ebra mij\u00eb familjeve shqiptare dhe shoq\u00ebris\u00eb shqiptare mund t\u00eb jen\u00eb t\u00eb pariparueshme.<\/p>\n<p>Vendimi i sot\u00ebm i Gjykat\u00ebs s\u00eb Lart\u00eb, me shum\u00eb gjasa i marr\u00eb i sforcuar dhe n\u00ebn presion t\u00eb madh, mund t\u00eb kishte qen\u00eb m\u00eb i qart\u00eb dhe m\u00eb i drejt\u00eb, duke mos mbajtur m\u00eb peng m\u00eb tej forc\u00ebn kryesore opozitare. Por, nga sot, Vendimi i Shkall\u00ebs s\u00eb par\u00eb \u00ebsht\u00eb p\u00ebra\u00ebri n\u00eb fuqi\u2026<\/p>\n<p>Vula, logo, simbolet, jan\u00eb atje ku p\u00ebrkasin.<\/p>\n<p>Partia Demoktatike \u00ebsht\u00eb e demokrat\u00ebve!!<\/p>\n<p>Demokrat\u00ebt do t\u00eb jen\u00eb gjithnj\u00eb n\u00eb k\u00ebmb\u00eb p\u00ebr t\u00eb mbrojtur Partin\u00eb Demokratike q\u00eb lindi si Parti e vlerave, e t\u00eb drejtave dhe lirive e do mbetet gjithnj\u00eb e till\u00eb.<\/p>\n<p>#pdsh Sali Berisha<\/p>\n","protected":false},"excerpt":{"rendered":"<p>Nga Albana VOKSHI Pas nj\u00eb vonese t\u00eb pajustifikueshme disa mujore, Gjykata e Lart\u00eb ka v\u00ebrejtur shkelje t\u00eb r\u00ebnda proceduriale, q\u00eb e kan\u00eb b\u00ebr\u00eb t\u00eb c\u00ebnuesh\u00ebm vendimin e Gjykat\u00ebs s\u00eb Apelit p\u00ebr c\u00ebshtjen e Partis\u00eb Demokratike. Gjykata e Lart\u00eb v\u00ebren q\u00eb Gjykata e Apelit nuk ka gjykuar c\u00ebshtjet e k\u00ebrkuara n\u00eb ankimim por ka trajtuar c\u00ebshtje &hellip;<\/p>\n","protected":false},"author":4,"featured_media":67589,"comment_status":"closed","ping_status":"closed","sticky":false,"template":"","format":"standard","meta":{"footnotes":""},"categories":[44],"tags":[],"class_list":["post-67588","post","type-post","status-publish","format-standard","has-post-thumbnail","","category-editorial"],"_links":{"self":[{"href":"https:\/\/rdnews.al\/index.php\/wp-json\/wp\/v2\/posts\/67588","targetHints":{"allow":["GET"]}}],"collection":[{"href":"https:\/\/rdnews.al\/index.php\/wp-json\/wp\/v2\/posts"}],"about":[{"href":"https:\/\/rdnews.al\/index.php\/wp-json\/wp\/v2\/types\/post"}],"author":[{"embeddable":true,"href":"https:\/\/rdnews.al\/index.php\/wp-json\/wp\/v2\/users\/4"}],"replies":[{"embeddable":true,"href":"https:\/\/rdnews.al\/index.php\/wp-json\/wp\/v2\/comments?post=67588"}],"version-history":[{"count":0,"href":"https:\/\/rdnews.al\/index.php\/wp-json\/wp\/v2\/posts\/67588\/revisions"}],"wp:featuredmedia":[{"embeddable":true,"href":"https:\/\/rdnews.al\/index.php\/wp-json\/wp\/v2\/media\/67589"}],"wp:attachment":[{"href":"https:\/\/rdnews.al\/index.php\/wp-json\/wp\/v2\/media?parent=67588"}],"wp:term":[{"taxonomy":"category","embeddable":true,"href":"https:\/\/rdnews.al\/index.php\/wp-json\/wp\/v2\/categories?post=67588"},{"taxonomy":"post_tag","embeddable":true,"href":"https:\/\/rdnews.al\/index.php\/wp-json\/wp\/v2\/tags?post=67588"}],"curies":[{"name":"wp","href":"https:\/\/api.w.org\/{rel}","templated":true}]}}