{"id":67606,"date":"2023-12-28T11:46:20","date_gmt":"2023-12-28T11:46:20","guid":{"rendered":"https:\/\/rdnews.al\/?p=67606"},"modified":"2023-12-28T11:46:20","modified_gmt":"2023-12-28T11:46:20","slug":"gjkko-kunder-spak-pranon-ankimin-e-fredi-belerit","status":"publish","type":"post","link":"https:\/\/rdnews.al\/index.php\/2023\/12\/28\/gjkko-kunder-spak-pranon-ankimin-e-fredi-belerit\/","title":{"rendered":"GJKKO kund\u00ebr SPAK, pranon ankimin e Fredi Belerit"},"content":{"rendered":"<p>Prokuroria e Posa\u00e7me kund\u00ebr Korrupsionit dhe Krimit t\u00eb Organizuar ka pranuar kall\u00ebzimin e kryetarit t\u00eb zgjedhur t\u00eb Bashkis\u00eb s\u00eb Himar\u00ebs, Fredi Beleri ndaj d\u00ebshmitarit Arsen Rama.<\/p>\n<p>Me an\u00eb t\u00eb nj\u00eb vendimi t\u00eb gjyqtarin, Erjon Bani, thuhet se SPAK nuk ka kompetenc\u00eb l\u00ebndore p\u00ebr shqyrtimin e kall\u00ebzimit t\u00eb b\u00ebr\u00eb nga ankuesi Dhionisios Alfred Beleri. N\u00eb k\u00ebt\u00eb m\u00ebnyr\u00eb, gjykata pranon ankimin e Belerit.<\/p>\n<p><img loading=\"lazy\" decoding=\"async\" class=\"alignnone size-medium wp-image-67608\" src=\"https:\/\/rdnews.al\/wp-content\/uploads\/2023\/12\/1-36-286x300.jpg\" alt=\"\" width=\"286\" height=\"300\" srcset=\"https:\/\/rdnews.al\/wp-content\/uploads\/2023\/12\/1-36-286x300.jpg 286w, https:\/\/rdnews.al\/wp-content\/uploads\/2023\/12\/1-36.jpg 758w\" sizes=\"auto, (max-width: 286px) 100vw, 286px\" \/><\/p>\n","protected":false},"excerpt":{"rendered":"<p>Prokuroria e Posa\u00e7me kund\u00ebr Korrupsionit dhe Krimit t\u00eb Organizuar ka pranuar kall\u00ebzimin e kryetarit t\u00eb zgjedhur t\u00eb Bashkis\u00eb s\u00eb Himar\u00ebs, Fredi Beleri ndaj d\u00ebshmitarit Arsen Rama. Me an\u00eb t\u00eb nj\u00eb vendimi t\u00eb gjyqtarin, Erjon Bani, thuhet se SPAK nuk ka kompetenc\u00eb l\u00ebndore p\u00ebr shqyrtimin e kall\u00ebzimit t\u00eb b\u00ebr\u00eb nga ankuesi Dhionisios Alfred Beleri. N\u00eb k\u00ebt\u00eb &hellip;<\/p>\n","protected":false},"author":4,"featured_media":67607,"comment_status":"closed","ping_status":"closed","sticky":false,"template":"","format":"standard","meta":{"footnotes":""},"categories":[37],"tags":[],"class_list":["post-67606","post","type-post","status-publish","format-standard","has-post-thumbnail","","category-politike"],"_links":{"self":[{"href":"https:\/\/rdnews.al\/index.php\/wp-json\/wp\/v2\/posts\/67606","targetHints":{"allow":["GET"]}}],"collection":[{"href":"https:\/\/rdnews.al\/index.php\/wp-json\/wp\/v2\/posts"}],"about":[{"href":"https:\/\/rdnews.al\/index.php\/wp-json\/wp\/v2\/types\/post"}],"author":[{"embeddable":true,"href":"https:\/\/rdnews.al\/index.php\/wp-json\/wp\/v2\/users\/4"}],"replies":[{"embeddable":true,"href":"https:\/\/rdnews.al\/index.php\/wp-json\/wp\/v2\/comments?post=67606"}],"version-history":[{"count":0,"href":"https:\/\/rdnews.al\/index.php\/wp-json\/wp\/v2\/posts\/67606\/revisions"}],"wp:featuredmedia":[{"embeddable":true,"href":"https:\/\/rdnews.al\/index.php\/wp-json\/wp\/v2\/media\/67607"}],"wp:attachment":[{"href":"https:\/\/rdnews.al\/index.php\/wp-json\/wp\/v2\/media?parent=67606"}],"wp:term":[{"taxonomy":"category","embeddable":true,"href":"https:\/\/rdnews.al\/index.php\/wp-json\/wp\/v2\/categories?post=67606"},{"taxonomy":"post_tag","embeddable":true,"href":"https:\/\/rdnews.al\/index.php\/wp-json\/wp\/v2\/tags?post=67606"}],"curies":[{"name":"wp","href":"https:\/\/api.w.org\/{rel}","templated":true}]}}