{"id":67653,"date":"2023-12-28T15:22:08","date_gmt":"2023-12-28T15:22:08","guid":{"rendered":"https:\/\/rdnews.al\/?p=67653"},"modified":"2023-12-28T15:22:08","modified_gmt":"2023-12-28T15:22:08","slug":"fbi-merr-ne-mbrojtje-gjyqtaret-qe-vendosen-kunder-trump-ne-kolorado","status":"publish","type":"post","link":"https:\/\/rdnews.al\/index.php\/2023\/12\/28\/fbi-merr-ne-mbrojtje-gjyqtaret-qe-vendosen-kunder-trump-ne-kolorado\/","title":{"rendered":"FBI merr n\u00eb mbrojtje gjyqtar\u00ebt q\u00eb vendos\u00ebn kund\u00ebr Trump n\u00eb Kolorado"},"content":{"rendered":"<p>Policia tha t\u00eb mart\u00ebn se po heton k\u00ebrc\u00ebnimet ndaj gjyqtar\u00ebve t\u00eb Gjykat\u00ebs s\u00eb Lart\u00eb t\u00eb Kolorados dhe po ofron mbrojtje shtes\u00eb rreth sht\u00ebpive t\u00eb tyre n\u00eb Denver pas vendimit p\u00ebr t\u00eb hequr ish-Presidentin Donald Trump nga fleta e votimit n\u00eb zgjedhjet presidenciale n\u00eb k\u00ebt\u00eb shtet.<\/p>\n<p>Departamenti i Policis\u00eb s\u00eb Denverit refuzoi t\u00eb jepte detaje rreth hetimeve pas k\u00ebrkes\u00ebs nga agjencia e lajmeve Associated Press, duke p\u00ebrmendur shqet\u00ebsimet p\u00ebr sigurin\u00eb dhe privat\u00ebsin\u00eb por dhe faktin q\u00eb hetimi \u00ebsht\u00eb n\u00eb vazhdim e sip\u00ebr.<\/p>\n<p>Departamenti \u201cpo heton aktualisht incidentet (k\u00ebrc\u00ebnimet) ndaj gjykat\u00ebsve t\u00eb Gjykat\u00ebs s\u00eb Lart\u00eb t\u00eb Kolorados dhe do t\u00eb vazhdoj\u00eb t\u00eb punoj\u00eb me partner\u00ebt lokal\u00eb, shtet\u00ebror\u00eb dhe federal\u00eb t\u00eb zbatimit t\u00eb ligjit p\u00ebr t\u00eb hetuar t\u00ebr\u00ebsisht \u00e7do raport k\u00ebrc\u00ebnimi ose ngacmimi\u201d.<\/p>\n<p>Organet e rendit shkuan n\u00eb sht\u00ebpin\u00eb e nj\u00eb gjyqtari t\u00eb enjten n\u00eb mbr\u00ebmje pas njoftimeve p\u00ebr incident t\u00eb mundsh\u00ebm, por m\u00eb pas konfirmoi se njoftimet p\u00ebr incident ishin mashtrime. Ky rast po ashtu po hetohet, tha policia.<\/p>\n<p>FBI-ja tha se po punon me organet lokale t\u00eb zbatimit t\u00eb ligjit p\u00ebr k\u00ebt\u00eb \u00e7\u00ebshtje.<\/p>\n<p>\u201cNe do t\u00eb ndjekim me vendosm\u00ebri hetimet p\u00ebr \u00e7do k\u00ebrc\u00ebnim ose dhun\u00eb nga dikush q\u00eb p\u00ebrdor pik\u00ebpamjet ekstremiste p\u00ebr t\u00eb arsyetuar veprimet e tyre, pavar\u00ebsisht nga motivi\u201d, tha n\u00eb nj\u00eb deklarat\u00eb nj\u00eb z\u00ebdh\u00ebn\u00ebse e zyr\u00ebs s\u00eb FBI-s\u00eb n\u00eb Denver.<\/p>\n<p>N\u00eb nj\u00eb vendim 4 me 3 jav\u00ebn e kaluar, gjykata m\u00eb e lart\u00eb e Kolorados p\u00ebrmbysi vendim e nj\u00eb gjykat\u00ebsi qarku, i cili ndon\u00ebse tha se roli i zotit Trump n\u00eb trazirat e 6 janarit 2021 n\u00eb Kapitol ishte e nj\u00eb nxit\u00ebsi t\u00eb kryengritjes, megjithat\u00eb refuzoi ta p\u00ebrjashtoj\u00eb at\u00eb nga fleta votimit p\u00ebr zgjedhjet presidenciale.<\/p>\n<p>Gjyqtari tha se ishte e paqart\u00eb n\u00ebse klauzola e kryengritjes n\u00eb Kushtetut\u00ebn amerikane ka t\u00eb b\u00ebj\u00eb edhe me presidenc\u00ebn.<\/p>\n<p>Gjykata e Lart\u00eb nuk u pajtua me k\u00ebt\u00eb vler\u00ebsim, duke p\u00ebrkrahur q\u00ebndrimin e avokat\u00ebve t\u00eb gjasht\u00eb votuesve republikan\u00eb dhe t\u00eb pavarur t\u00eb Kolorados, t\u00eb cil\u00ebt argumentuan se ishte e pakuptimt\u00eb t\u00eb imagjinohej q\u00eb hartuesit e atij amendamenti t\u00eb Kushtetut\u00ebs, t\u00eb frik\u00ebsuar nga rikthimi i politikan\u00ebve pro konfederat\u00ebs n\u00eb pushtet, do t&#8217;i ndalonin ata nga zyrat e nivelit t\u00eb ul\u00ebt, por jo nga posti m\u00eb i lart\u00eb n\u00eb vend.<\/p>\n<p>Gjykata e shtyu zbatimin e vendimit t\u00eb saj deri m\u00eb 4 janar, ose derisa Gjykata e Lart\u00eb e SHBA-s\u00eb n\u00eb Uashington t\u00eb vendos\u00eb p\u00ebr \u00e7\u00ebshtjen. Zyrtar\u00ebt e Kolorados thon\u00eb se \u00e7\u00ebshtja duhet t\u00eb zgjidhet deri m\u00eb 5 janar, afati i fundit q\u00eb shteti t\u00eb shtyp\u00eb flet\u00ebvotimet e tij p\u00ebr zgjedhjet presidenciale.<\/p>\n","protected":false},"excerpt":{"rendered":"<p>Policia tha t\u00eb mart\u00ebn se po heton k\u00ebrc\u00ebnimet ndaj gjyqtar\u00ebve t\u00eb Gjykat\u00ebs s\u00eb Lart\u00eb t\u00eb Kolorados dhe po ofron mbrojtje shtes\u00eb rreth sht\u00ebpive t\u00eb tyre n\u00eb Denver pas vendimit p\u00ebr t\u00eb hequr ish-Presidentin Donald Trump nga fleta e votimit n\u00eb zgjedhjet presidenciale n\u00eb k\u00ebt\u00eb shtet. Departamenti i Policis\u00eb s\u00eb Denverit refuzoi t\u00eb jepte detaje rreth &hellip;<\/p>\n","protected":false},"author":4,"featured_media":57940,"comment_status":"closed","ping_status":"closed","sticky":false,"template":"","format":"standard","meta":{"footnotes":""},"categories":[38],"tags":[],"class_list":["post-67653","post","type-post","status-publish","format-standard","has-post-thumbnail","","category-bota"],"_links":{"self":[{"href":"https:\/\/rdnews.al\/index.php\/wp-json\/wp\/v2\/posts\/67653","targetHints":{"allow":["GET"]}}],"collection":[{"href":"https:\/\/rdnews.al\/index.php\/wp-json\/wp\/v2\/posts"}],"about":[{"href":"https:\/\/rdnews.al\/index.php\/wp-json\/wp\/v2\/types\/post"}],"author":[{"embeddable":true,"href":"https:\/\/rdnews.al\/index.php\/wp-json\/wp\/v2\/users\/4"}],"replies":[{"embeddable":true,"href":"https:\/\/rdnews.al\/index.php\/wp-json\/wp\/v2\/comments?post=67653"}],"version-history":[{"count":0,"href":"https:\/\/rdnews.al\/index.php\/wp-json\/wp\/v2\/posts\/67653\/revisions"}],"wp:featuredmedia":[{"embeddable":true,"href":"https:\/\/rdnews.al\/index.php\/wp-json\/wp\/v2\/media\/57940"}],"wp:attachment":[{"href":"https:\/\/rdnews.al\/index.php\/wp-json\/wp\/v2\/media?parent=67653"}],"wp:term":[{"taxonomy":"category","embeddable":true,"href":"https:\/\/rdnews.al\/index.php\/wp-json\/wp\/v2\/categories?post=67653"},{"taxonomy":"post_tag","embeddable":true,"href":"https:\/\/rdnews.al\/index.php\/wp-json\/wp\/v2\/tags?post=67653"}],"curies":[{"name":"wp","href":"https:\/\/api.w.org\/{rel}","templated":true}]}}