{"id":67708,"date":"2023-12-29T10:59:01","date_gmt":"2023-12-29T10:59:01","guid":{"rendered":"https:\/\/rdnews.al\/?p=67708"},"modified":"2023-12-29T11:01:16","modified_gmt":"2023-12-29T11:01:16","slug":"400-milione-te-tjera-leket-e-taksave-te-shqiptareve-vidhen-pa-u-ngopur-nga-edi-rama","status":"publish","type":"post","link":"https:\/\/rdnews.al\/index.php\/2023\/12\/29\/400-milione-te-tjera-leket-e-taksave-te-shqiptareve-vidhen-pa-u-ngopur-nga-edi-rama\/","title":{"rendered":"400 milion\u00eb t\u00eb tjera! Lek\u00ebt e taksave t\u00eb shqiptar\u00ebve vazhdojn\u00eb t\u00eb vidhen nga Edi Rama"},"content":{"rendered":"<p><strong>Nga Petrit VASILI<\/strong><\/p>\n<p>Vazhdojn\u00eb q\u00eb lek\u00ebt e taksave t\u00eb shqiptar\u00ebve t\u00eb vidhen pa u ngopur nga Edi Rama.<\/p>\n<p>Jan\u00eb akorduar edhe 400 mij\u00eb euro t\u00eb tjera p\u00ebr nj\u00eb mashtrim ordiner si K\u00ebshillimi Komb\u00ebtar.<\/p>\n<p>Ky K\u00ebshillimi Komb\u00ebtar \u00ebsht\u00eb nj\u00eb korrupsion bajat propagandistik p\u00ebr t\u00eb b\u00ebr\u00eb alibin\u00eb e veprimeve t\u00eb pista t\u00eb Edi Ram\u00ebs.<\/p>\n<p>T\u00eb gjith\u00eb mbajn\u00eb mend q\u00eb Edi Rama tha se vendimin p\u00ebr Ballkanin e Hapur e mori se i doli n\u00eb K\u00ebshillimin Komb\u00ebtar imagjinar q\u00eb 59% e shqiptar\u00ebve e mbeshtesnin fort.<\/p>\n<p>Po ishte po ky Edi Rama q\u00eb doli p\u00ebr nj\u00eb sekond\u00eb nga Ballkani i Hapur dhe as ja fishkelleu fare K\u00ebshillimit Komb\u00ebtar dhe qindra milion\u00eb lek\u00ebve t\u00eb harxhuara p\u00ebr t\u00eb.<\/p>\n<p>Por hajdut\u00ebria vazhdon dhe Rama jep edhe m\u00eb shum\u00eb se 400 milion\u00eb lek\u00eb t\u00eb tjera p\u00ebr k\u00ebt\u00eb pa\u00e7avure propagande si K\u00ebshillimi gjoja Komb\u00ebtar nj\u00eb k\u00ebshillim q\u00eb nuk ekziston.<\/p>\n<p>K\u00ebto jan\u00eb haptas para t\u00eb vjedhura p\u00ebr t\u00eb paguar patronazhist\u00eb dhe t\u00eb tjerat p\u00ebr ti futur n\u00eb xhep.<\/p>\n<p>Kontrolli i Larte i Shtetit duhet ti auditoj\u00eb me urgjenc\u00eb k\u00ebto para&#8217; q\u00eb vidhen haptas.<\/p>\n<p>SPAK boll b\u00ebri shurdh memecin me regji kur parat\u00eb vidhen sheshit.<\/p>\n<p>SPAK ti l\u00ebr\u00eb arkat me cironka, por t\u00eb merret me peshkaqenin e korrupsionit n\u00eb krye t\u00eb qeveris\u00eb.<\/p>\n","protected":false},"excerpt":{"rendered":"<p>Nga Petrit VASILI Vazhdojn\u00eb q\u00eb lek\u00ebt e taksave t\u00eb shqiptar\u00ebve t\u00eb vidhen pa u ngopur nga Edi Rama. Jan\u00eb akorduar edhe 400 mij\u00eb euro t\u00eb tjera p\u00ebr nj\u00eb mashtrim ordiner si K\u00ebshillimi Komb\u00ebtar. Ky K\u00ebshillimi Komb\u00ebtar \u00ebsht\u00eb nj\u00eb korrupsion bajat propagandistik p\u00ebr t\u00eb b\u00ebr\u00eb alibin\u00eb e veprimeve t\u00eb pista t\u00eb Edi Ram\u00ebs. T\u00eb gjith\u00eb mbajn\u00eb &hellip;<\/p>\n","protected":false},"author":4,"featured_media":49111,"comment_status":"closed","ping_status":"closed","sticky":false,"template":"","format":"standard","meta":{"footnotes":""},"categories":[37],"tags":[],"class_list":["post-67708","post","type-post","status-publish","format-standard","has-post-thumbnail","","category-politike"],"_links":{"self":[{"href":"https:\/\/rdnews.al\/index.php\/wp-json\/wp\/v2\/posts\/67708","targetHints":{"allow":["GET"]}}],"collection":[{"href":"https:\/\/rdnews.al\/index.php\/wp-json\/wp\/v2\/posts"}],"about":[{"href":"https:\/\/rdnews.al\/index.php\/wp-json\/wp\/v2\/types\/post"}],"author":[{"embeddable":true,"href":"https:\/\/rdnews.al\/index.php\/wp-json\/wp\/v2\/users\/4"}],"replies":[{"embeddable":true,"href":"https:\/\/rdnews.al\/index.php\/wp-json\/wp\/v2\/comments?post=67708"}],"version-history":[{"count":0,"href":"https:\/\/rdnews.al\/index.php\/wp-json\/wp\/v2\/posts\/67708\/revisions"}],"wp:featuredmedia":[{"embeddable":true,"href":"https:\/\/rdnews.al\/index.php\/wp-json\/wp\/v2\/media\/49111"}],"wp:attachment":[{"href":"https:\/\/rdnews.al\/index.php\/wp-json\/wp\/v2\/media?parent=67708"}],"wp:term":[{"taxonomy":"category","embeddable":true,"href":"https:\/\/rdnews.al\/index.php\/wp-json\/wp\/v2\/categories?post=67708"},{"taxonomy":"post_tag","embeddable":true,"href":"https:\/\/rdnews.al\/index.php\/wp-json\/wp\/v2\/tags?post=67708"}],"curies":[{"name":"wp","href":"https:\/\/api.w.org\/{rel}","templated":true}]}}