{"id":67721,"date":"2023-12-29T11:55:46","date_gmt":"2023-12-29T11:55:46","guid":{"rendered":"https:\/\/rdnews.al\/?p=67721"},"modified":"2023-12-29T12:40:02","modified_gmt":"2023-12-29T12:40:02","slug":"berisha-truri-mediatik-i-vjedhjes-se-shekullit-nuk-eshte-me-ben-blushi-por-bolino","status":"publish","type":"post","link":"https:\/\/rdnews.al\/index.php\/2023\/12\/29\/berisha-truri-mediatik-i-vjedhjes-se-shekullit-nuk-eshte-me-ben-blushi-por-bolino\/","title":{"rendered":"Berisha: Truri mediatik i vjedhjes s\u00eb shekullit nuk \u00ebsht\u00eb m\u00eb Ben Blushi, por Bolino!"},"content":{"rendered":"<p>Kryetari i PD, Sali Berisha tha n\u00eb konfer\u00ebnc\u00ebn p\u00ebr shtyp se, truri mediatik i vjedhjes s\u00eb shekullit nuk \u00ebsht\u00eb m\u00eb Ben Blushi, por Bolino si p\u00ebrfitues i madh i k\u00ebsaj afere. Ai tha se, sot kam nj\u00eb kartolin\u00eb p\u00ebr Bolinon, kontrat\u00ebn e tij, e cila siguroj se shum\u00eb shpejt do zb\u00ebrthehet.<br \/>\n\u201cN\u00eb serialin e denoncimit t\u00eb vjedhjes s\u00eb shekullit, natyrisht m\u00eb i ziu, faqja m\u00eb e zez\u00eb e k\u00ebtij seriali \u00ebsht\u00eb amnistia e shekullit q\u00eb skapist\u00ebt e partis\u00eb, konkretisht ish-xhelati i Sigurimit t\u00eb Shtetit, Arben Kraja dhe prokurori Pren\u00e7i i b\u00ebn\u00eb Erion Veliajt, Edi Ram\u00ebs, Engj\u00ebll Aga\u00e7it, Artur Metanit dhe eksponent\u00ebve t\u00eb tjer\u00eb.<br \/>\nN\u00eb k\u00ebt\u00eb afer\u00eb, e cila dogji me flak\u00ebt e saj, Skapin e partis\u00eb dhe mbretin e nxori lakuriq para shqiptar\u00ebve, vazhdon p\u00ebrpjekja p\u00ebr t\u00eb mbuluar krimin me t\u00eb gjitha m\u00ebnyrat.<br \/>\nDje denoncuam para jush se si Rama dhe Aga\u00e7i nga nj\u00ebra an\u00eb vendosin n\u00eb fondin e pakusht\u00ebzuar p\u00ebr bashkin\u00eb grantin prej 12 milion\u00eb euro, fond ky q\u00eb sipas kontrat\u00ebs duhet t\u00eb mbuloj\u00eb shpenzimet e nj\u00eb viti, nd\u00ebrkoh\u00eb Erion Veliaj parashikon nga buxheti i bashkis\u00eb jo grantin e pakusht\u00ebzuar, por direkt nga taksapaguesit e Tiran\u00ebs 12 milion\u00eb euro t\u00eb tjera.<br \/>\n\u00c7do legjitim \u00ebsht\u00eb se do nisen n\u00eb dhera t\u00eb tjera, n\u00eb bankat offshore, aty ku depozitojn\u00eb vjedhjet e tyre Rama dhe Veliaj.<br \/>\nZoti K\u00eblli\u00e7i do ju njoh\u00eb ju me dokumente t\u00eb reja, t\u00eb cilat faktojn\u00eb dhe d\u00ebshmojn\u00eb p\u00ebrgjegj\u00ebsin\u00eb direkte t\u00eb Erion Veliajt, t\u00eb lidhur n\u00eb m\u00ebnyr\u00eb t\u00eb pazgjidhshme me qeverin\u00eb, mbi baz\u00ebn e shkresave q\u00eb kan\u00eb firmosur, mbi baz\u00ebn e deklaratave q\u00eb kan\u00eb b\u00ebr\u00eb.<br \/>\nNj\u00eb zhvillim i fundit \u00ebsht\u00eb se rolin e trurit mediatik q\u00eb gjer pak m\u00eb par\u00eb e kishte Ben Blushi, konstatohet se pas penalizimit t\u00eb Arben Ahmetajt, duke e shk\u00ebputur si dosje t\u00eb ve\u00e7ant\u00eb, nj\u00eb rol t\u00eb till\u00eb merr Bolinoja.<br \/>\nPo t\u00eb vini re ju, ai, nj\u00eb nga p\u00ebrfituesit e m\u00ebdhenj n\u00eb k\u00ebt\u00eb vjedhje t\u00eb shekullit, vazhdon e dezinformon shqiptar\u00ebt dhe p\u00ebrp\u00eblitet me mediat e tij, t\u00eb nd\u00ebrtuara n\u00eb tok\u00ebn e grabitur me Edi Ram\u00ebn pronar\u00ebve legjitim\u00eb, t\u00eb l\u00ebn\u00eb p\u00ebr gjimnaz.<br \/>\nSot, para Vitit t\u00eb Ri nuk kam nj\u00eb mesazh, por nj\u00eb kartolin\u00eb p\u00ebr Bolinon, kontrat\u00ebn e tij, e cila siguroj se shum\u00eb shpejt do zb\u00ebrthehet\u201d, tha Berisha.<\/p>\n<p><img loading=\"lazy\" decoding=\"async\" class=\"alignnone size-medium wp-image-67728\" src=\"https:\/\/rdnews.al\/wp-content\/uploads\/2023\/12\/3-11-224x300.jpg\" alt=\"\" width=\"224\" height=\"300\" srcset=\"https:\/\/rdnews.al\/wp-content\/uploads\/2023\/12\/3-11-224x300.jpg 224w, https:\/\/rdnews.al\/wp-content\/uploads\/2023\/12\/3-11.jpg 764w\" sizes=\"auto, (max-width: 224px) 100vw, 224px\" \/><\/p>\n","protected":false},"excerpt":{"rendered":"<p>Kryetari i PD, Sali Berisha tha n\u00eb konfer\u00ebnc\u00ebn p\u00ebr shtyp se, truri mediatik i vjedhjes s\u00eb shekullit nuk \u00ebsht\u00eb m\u00eb Ben Blushi, por Bolino si p\u00ebrfitues i madh i k\u00ebsaj afere. Ai tha se, sot kam nj\u00eb kartolin\u00eb p\u00ebr Bolinon, kontrat\u00ebn e tij, e cila siguroj se shum\u00eb shpejt do zb\u00ebrthehet. \u201cN\u00eb serialin e denoncimit &hellip;<\/p>\n","protected":false},"author":4,"featured_media":65594,"comment_status":"closed","ping_status":"closed","sticky":false,"template":"","format":"standard","meta":{"footnotes":""},"categories":[37],"tags":[],"class_list":["post-67721","post","type-post","status-publish","format-standard","has-post-thumbnail","","category-politike"],"_links":{"self":[{"href":"https:\/\/rdnews.al\/index.php\/wp-json\/wp\/v2\/posts\/67721","targetHints":{"allow":["GET"]}}],"collection":[{"href":"https:\/\/rdnews.al\/index.php\/wp-json\/wp\/v2\/posts"}],"about":[{"href":"https:\/\/rdnews.al\/index.php\/wp-json\/wp\/v2\/types\/post"}],"author":[{"embeddable":true,"href":"https:\/\/rdnews.al\/index.php\/wp-json\/wp\/v2\/users\/4"}],"replies":[{"embeddable":true,"href":"https:\/\/rdnews.al\/index.php\/wp-json\/wp\/v2\/comments?post=67721"}],"version-history":[{"count":0,"href":"https:\/\/rdnews.al\/index.php\/wp-json\/wp\/v2\/posts\/67721\/revisions"}],"wp:featuredmedia":[{"embeddable":true,"href":"https:\/\/rdnews.al\/index.php\/wp-json\/wp\/v2\/media\/65594"}],"wp:attachment":[{"href":"https:\/\/rdnews.al\/index.php\/wp-json\/wp\/v2\/media?parent=67721"}],"wp:term":[{"taxonomy":"category","embeddable":true,"href":"https:\/\/rdnews.al\/index.php\/wp-json\/wp\/v2\/categories?post=67721"},{"taxonomy":"post_tag","embeddable":true,"href":"https:\/\/rdnews.al\/index.php\/wp-json\/wp\/v2\/tags?post=67721"}],"curies":[{"name":"wp","href":"https:\/\/api.w.org\/{rel}","templated":true}]}}