{"id":67723,"date":"2023-12-29T12:03:51","date_gmt":"2023-12-29T12:03:51","guid":{"rendered":"https:\/\/rdnews.al\/?p=67723"},"modified":"2023-12-29T12:03:51","modified_gmt":"2023-12-29T12:03:51","slug":"pollo-pd-ka-kryetar-berishen-sulmi-gjyqesor-ndaj-tij-i-orkestruar-politikisht","status":"publish","type":"post","link":"https:\/\/rdnews.al\/index.php\/2023\/12\/29\/pollo-pd-ka-kryetar-berishen-sulmi-gjyqesor-ndaj-tij-i-orkestruar-politikisht\/","title":{"rendered":"Pollo: PD ka kryetar Berish\u00ebn, sulmi gjyq\u00ebsor ndaj tij i orkestruar politikisht"},"content":{"rendered":"<p>Ish-ministri Genc Pollo shprehet se p\u00ebr\u00e7arja n\u00eb PD ka filluar para 2 vitesh dhe ka nj\u00eb vit q\u00eb \u00ebsht\u00eb p\u00ebrmbyllur dhe ka nj\u00eb kryetar t\u00eb zgjedhur q\u00eb \u00ebsht\u00eb Sali Berisha. Ai shtoi se q\u00ebndron si fakt q\u00eb Partia Demokratike e madhe, sikurse e quajti ai, gjen t\u00eb mohuar identitetin e saj ligjor, si vula, sigla dhe aksesin n\u00eb KQZ.<\/p>\n<p>Pollo shton se kryetari i opozit\u00ebs \u00ebsht\u00eb n\u00ebn\u00eb nj\u00eb sulm gjyq\u00ebsor q\u00eb \u00ebsht\u00eb i orkestruar.<\/p>\n<p>\u201cP\u00ebr\u00e7arja n\u00eb PD ka filluar para 2 vitesh dhe ka nj\u00eb vit q\u00eb \u00ebsht\u00eb p\u00ebrmbyllur dhe kemi nj\u00eb kryetar t\u00eb zgjedhur q\u00eb \u00ebsht\u00eb Sali Berisha. Kemi nj\u00eb grup minoren q\u00eb \u00ebsht\u00eb Basha. Nuk ka p\u00ebr\u00e7arja n\u00eb PD sepse \u00ebsht\u00eb e tejkaluar. Q\u00ebndron q\u00eb PD-ja e madhe gjen t\u00eb mohuar identitetin e saj ligjor, si vula, sigla dhe aksesin n\u00eb KQZ. Duke qen\u00eb se \u00ebsht\u00eb me p\u00ebrfaq\u00ebsim m\u00eb t\u00eb madh parlamentar i mohohet e drejta p\u00ebr t\u00eb marr\u00eb pjes\u00eb n\u00eb reform\u00ebn zgjedhore.<\/p>\n<p>Kryetari i opozit\u00ebs \u00ebsht\u00eb n\u00ebn\u00eb nj\u00eb sulm gjyq\u00ebsor q\u00eb \u00ebsht\u00eb i orkestruar. Sa kam lexuar akt akuz\u00ebn nuk ka nj\u00eb vep\u00ebr penale q\u00eb b\u00ebhet fjal\u00eb. Derisa t\u00eb merret si i pandehur duhet t\u00eb rrij\u00eb n\u00eb sht\u00ebpi dhe duhet shkelur kushtetuta p\u00ebr k\u00ebt\u00eb gj\u00eb. Duan q\u00eb tani t\u00eb mos komunikoj\u00eb as me telefon dhe Facebook dhe kjo ndodh n\u00eb nj\u00eb vend q\u00eb \u00ebsht\u00eb an\u00ebtar i NATO-s dhe q\u00eb k\u00ebrkon t\u00eb b\u00ebhet pjes\u00eb e BE-s\u00eb\u201d, tha Pollo p\u00ebr Ora news.<\/p>\n","protected":false},"excerpt":{"rendered":"<p>Ish-ministri Genc Pollo shprehet se p\u00ebr\u00e7arja n\u00eb PD ka filluar para 2 vitesh dhe ka nj\u00eb vit q\u00eb \u00ebsht\u00eb p\u00ebrmbyllur dhe ka nj\u00eb kryetar t\u00eb zgjedhur q\u00eb \u00ebsht\u00eb Sali Berisha. Ai shtoi se q\u00ebndron si fakt q\u00eb Partia Demokratike e madhe, sikurse e quajti ai, gjen t\u00eb mohuar identitetin e saj ligjor, si vula, sigla &hellip;<\/p>\n","protected":false},"author":4,"featured_media":8020,"comment_status":"closed","ping_status":"closed","sticky":false,"template":"","format":"standard","meta":{"footnotes":""},"categories":[37],"tags":[],"class_list":["post-67723","post","type-post","status-publish","format-standard","has-post-thumbnail","","category-politike"],"_links":{"self":[{"href":"https:\/\/rdnews.al\/index.php\/wp-json\/wp\/v2\/posts\/67723","targetHints":{"allow":["GET"]}}],"collection":[{"href":"https:\/\/rdnews.al\/index.php\/wp-json\/wp\/v2\/posts"}],"about":[{"href":"https:\/\/rdnews.al\/index.php\/wp-json\/wp\/v2\/types\/post"}],"author":[{"embeddable":true,"href":"https:\/\/rdnews.al\/index.php\/wp-json\/wp\/v2\/users\/4"}],"replies":[{"embeddable":true,"href":"https:\/\/rdnews.al\/index.php\/wp-json\/wp\/v2\/comments?post=67723"}],"version-history":[{"count":0,"href":"https:\/\/rdnews.al\/index.php\/wp-json\/wp\/v2\/posts\/67723\/revisions"}],"wp:featuredmedia":[{"embeddable":true,"href":"https:\/\/rdnews.al\/index.php\/wp-json\/wp\/v2\/media\/8020"}],"wp:attachment":[{"href":"https:\/\/rdnews.al\/index.php\/wp-json\/wp\/v2\/media?parent=67723"}],"wp:term":[{"taxonomy":"category","embeddable":true,"href":"https:\/\/rdnews.al\/index.php\/wp-json\/wp\/v2\/categories?post=67723"},{"taxonomy":"post_tag","embeddable":true,"href":"https:\/\/rdnews.al\/index.php\/wp-json\/wp\/v2\/tags?post=67723"}],"curies":[{"name":"wp","href":"https:\/\/api.w.org\/{rel}","templated":true}]}}