{"id":67725,"date":"2023-12-29T12:11:41","date_gmt":"2023-12-29T12:11:41","guid":{"rendered":"https:\/\/rdnews.al\/?p=67725"},"modified":"2023-12-29T12:11:41","modified_gmt":"2023-12-29T12:11:41","slug":"kellici-veliaj-refuzon-te-pergjigjet-te-gjitha-parate-per-inceneratorin-fantazem-te-tiranes-do-te-paguhen-nga-bashkia","status":"publish","type":"post","link":"https:\/\/rdnews.al\/index.php\/2023\/12\/29\/kellici-veliaj-refuzon-te-pergjigjet-te-gjitha-parate-per-inceneratorin-fantazem-te-tiranes-do-te-paguhen-nga-bashkia\/","title":{"rendered":"K\u00eblli\u00e7i: Veliaj refuzon t\u00eb p\u00ebrgjigjet! T\u00eb gjitha parat\u00eb p\u00ebr inceneratorin fantaz\u00ebm t\u00eb Tiran\u00ebs do t\u00eb paguhen nga Bashkia"},"content":{"rendered":"<p>An\u00ebtari i Kryesis\u00eb s\u00eb PD, Belind K\u00eblli\u00e7i tha gjat\u00eb konferenc\u00ebs p\u00ebr shtyp se, Erion Veliaj refuzon t\u00eb p\u00ebrgjigjet p\u00ebr afer\u00ebn e inceneratorit t\u00eb Tiran\u00ebs. K\u00eblli\u00e7i tha se, t\u00eb gjitha parat\u00eb p\u00ebr inceneratorin fantaz\u00ebm t\u00eb Tiran\u00ebs do t\u00eb paguhen nga Bashkia.<br \/>\n\u201cN\u00eb vijim t\u00eb denoncimit t\u00eb b\u00ebr\u00eb dje p\u00ebr t\u00eb cilin sigurisht q\u00eb nuk mor\u00ebm asnj\u00eb p\u00ebrgjigje nga institucionet, por nga falsifikatori i radh\u00ebs.<br \/>\nSot n\u00eb interes t\u00eb publikut do vazhdojm\u00eb t\u00eb b\u00ebjm\u00eb transparenc\u00eb.<br \/>\nN\u00eb dat\u00ebn 12.03.2018 Ministri Damian Gjiknuri i drejtohet Kryetarit t\u00eb Bashkis\u00eb Tiran\u00eb ku I k\u00ebrkon:<br \/>\nP\u00ebrsa m\u00eb sip\u00ebr, duke qen\u00eb se Bashkia Tiran\u00eb \u00ebsht\u00eb monitoruesja n\u00eb terren e k\u00ebsaj kontrate, si nj\u00ebsia m\u00eb e madhe vendore p\u00ebrfituese, k\u00ebrkojm\u00eb q\u00eb bashk\u00eb me letr\u00ebn e angazhimit, t\u00eb na d\u00ebrgohen konfirmimet e situacioneve p\u00ebr sasin\u00eb minimale t\u00eb mbetjeve t\u00eb depozituara p\u00ebr \u00e7do muaj, duke ndar\u00eb vler\u00ebn q\u00eb duhet t\u00eb paguaj Autoriteti Kontraktor p\u00ebr k\u00ebt\u00eb sasi, p\u00ebr llogari t\u00eb Bashkis\u00eb.<br \/>\nN\u00eb foton e dyt\u00eb q\u00eb po ju paraqesim pjes\u00eb p\u00ebrb\u00ebr\u00ebse e miratimit t\u00eb koncensionit PLANI I ANGAZHIMIT FINANCIAR P\u00cbR SASIN\u00cb MINIMALE T\u00cb MBETJEVE, shihet fare qart\u00eb se Qeveria ka detyrim t\u00eb kryej pagesa p\u00ebr k\u00ebt\u00eb koncesion.<br \/>\nN\u00eb foton e tret\u00eb t\u00eb marr\u00eb nga auditimi i KLSH n\u00eb Ministrin\u00eb e Financave ne vitin 2019 p\u00ebr k\u00ebt\u00eb kontrat\u00eb koncensionare, citojm\u00eb:<br \/>\n\u201cK\u00ebto pagesa sipas studimit t\u00eb fizibilitetit dhe k\u00ebrkes\u00ebs s\u00eb MFE p\u00ebr parashikimin n\u00eb tavanet buxhetore jan\u00eb t\u00eb detajuara n\u00eb shum\u00ebn 130.883.750 euro mb\u00ebshtetje nga qeveria shqiptare, dhe 91.784.500 euro pa TVSH nga buxheti i bashkive q\u00eb p\u00ebrb\u00ebjn\u00eb Qarkun Tiran\u00eb\u2026.<br \/>\nN\u00eb lidhje me k\u00ebt\u00eb konstatim nga ana e MFE \u00ebsht\u00eb paraqitur observacion ku sqarohet se:<br \/>\nMinistria e Mjedisit nuk do t\u00eb ket\u00eb asnj\u00eb lloj financimi p\u00ebr k\u00ebt\u00eb projekt;<br \/>\nBashkia Tiran\u00eb do t\u00eb p\u00ebrballoj\u00eb k\u00ebto shpenzime me an\u00eb t\u00eb grandit t\u00eb pakusht\u00ebzuar q\u00eb qeveria qendrore alokon p\u00ebr qeverisjen lokale.<br \/>\nPra burimi i financimit p\u00ebr inceneratorin e Tiran\u00ebs ndahet n\u00eb dy komponent\u00eb:<br \/>\nQeveria n\u00ebp\u00ebrmjet grandit t\u00eb pakusht\u00ebzuar, ku si\u00e7 shihet dhe nga tabela mbulon pjes\u00ebn m\u00eb t\u00eb madhe t\u00eb financimit, dhe;<br \/>\nBashkia Tiran\u00eb n\u00ebp\u00ebrmjet t\u00eb ardhurave t\u00eb veta;<br \/>\nN\u00eb tabel\u00eb \u00ebsht\u00eb shprehur angazhimi i qart\u00eb se n\u00eb vitin e 7 t\u00eb kontrat\u00ebs, qeveria mbulon 5.6 milion\u00eb euro pa TVSH, nd\u00ebrsa Bashkia Tiran\u00eb mbulon 1.9 milion euro pa TVSH.<br \/>\nPra \u00ebsht\u00eb shum\u00eb e qart\u00eb q\u00eb si qeveria ashtu edhe Bashkia Tiran\u00eb kan\u00eb detyrimin ligjor q\u00eb n\u00eb momentin q\u00eb firmos\u00ebn k\u00ebt\u00eb kontrat\u00eb korruptive q\u00eb t\u00eb planifikojn\u00eb buxhet p\u00ebr pagesat p\u00ebr inceneratorin fantazm\u00eb.<br \/>\nAjo q\u00eb ne b\u00ebm\u00eb publike dje ishte pjes\u00eb e relacionit t\u00eb buxhetit 2024-2026 p\u00ebr Bashkin\u00eb Tiran\u00eb, ku specifikohet se buxheti i shtetit, sipas Erion Veliajt nuk ka planifikuar fonde p\u00ebr k\u00ebt\u00eb kontrat\u00eb koncesionare, dhe i gjith\u00eb detyrimi financiar do t\u00eb mbulohet nga Bashkia Tiran\u00eb.<br \/>\nN\u00eb k\u00ebto momente, ne ngrit\u00ebm disa pyetje t\u00eb cilat k\u00ebshilltar\u00ebt bashkiak\u00eb t\u00eb opozit\u00ebs ia kan\u00eb drejtuar zyrtarisht Kryetarit t\u00eb Bashkis\u00eb.<br \/>\nP\u00ebr k\u00ebto pyetje dhe t\u00eb tjera n\u00eb lidhje me inceneratorin e Tiran\u00ebs, k\u00ebshilltar\u00ebt tan\u00eb bashkiak\u00eb k\u00ebrkuan edhe nj\u00eb seanc\u00eb t\u00eb posa\u00e7me t\u00eb K\u00ebshillit, t\u00eb cilave Erion Veliaj refuzon t\u2019u p\u00ebrgjigjet, ashtu si\u00e7 refuzoi dhe mbledhjen e K\u00ebshillit Bashkiak, duke shkelur n\u00eb m\u00ebnyr\u00eb flagrante ligjin p\u00ebr vet\u00ebqeverisjen vendore dhe rregulloren e K\u00ebshillit Bashkiak.<br \/>\nRefuzimin p\u00ebr t\u00eb b\u00ebr\u00eb transparenc\u00eb e tregoi dhe me votimin me urgjenc\u00eb, pa pranuar asnj\u00eb pyetje, asnj\u00eb diskutim, dhe brenda dy minutave t\u00eb projekt-buxhetit t\u00eb Bashkis\u00eb.<br \/>\nRikujtojm\u00eb edhe nj\u00eb her\u00eb se Erion Veliaj n\u00eb mbledhjen e k\u00ebshillit bashkiak t\u00eb dat\u00ebs 28 shtator 2017 deklaronte se kjo \u00ebsht\u00eb nj\u00eb kontrat\u00eb e firmosur nga qeveria, p\u00ebr t\u00eb cil\u00ebn bashkia Tiran\u00eb nuk do t\u00eb paguaj\u00eb asnj\u00eb lek shtes\u00eb. Por n\u00eb dhjetor 2023, po Erion Veliaj thot\u00eb se t\u00eb gjitha parat\u00eb p\u00ebr inceneratorin fantaz\u00ebm t\u00eb Tiran\u00ebs do t\u00eb paguhen nga Bashkia.<br \/>\nKu e bazon Erion Veliaj k\u00ebt\u00eb vendim q\u00eb shkel termat e kontrat\u00ebs dhe angazhimin financiar t\u00eb shprehur nga vet\u00eb bashkia Tiran\u00eb? A njohin ligje dhe norma k\u00ebta njer\u00ebz?\u201d, u shpreh K\u00eblli\u00e7i.<\/p>\n<p><img loading=\"lazy\" decoding=\"async\" class=\"alignnone size-medium wp-image-67727\" src=\"https:\/\/rdnews.al\/wp-content\/uploads\/2023\/12\/11-4-199x300.jpg\" alt=\"\" width=\"199\" height=\"300\" srcset=\"https:\/\/rdnews.al\/wp-content\/uploads\/2023\/12\/11-4-199x300.jpg 199w, https:\/\/rdnews.al\/wp-content\/uploads\/2023\/12\/11-4-680x1024.jpg 680w, https:\/\/rdnews.al\/wp-content\/uploads\/2023\/12\/11-4-768x1157.jpg 768w, https:\/\/rdnews.al\/wp-content\/uploads\/2023\/12\/11-4.jpg 850w\" sizes=\"auto, (max-width: 199px) 100vw, 199px\" \/><\/p>\n<p><img loading=\"lazy\" decoding=\"async\" class=\"alignnone size-medium wp-image-67728\" src=\"https:\/\/rdnews.al\/wp-content\/uploads\/2023\/12\/3-11-224x300.jpg\" alt=\"\" width=\"224\" height=\"300\" srcset=\"https:\/\/rdnews.al\/wp-content\/uploads\/2023\/12\/3-11-224x300.jpg 224w, https:\/\/rdnews.al\/wp-content\/uploads\/2023\/12\/3-11.jpg 764w\" sizes=\"auto, (max-width: 224px) 100vw, 224px\" \/><\/p>\n","protected":false},"excerpt":{"rendered":"<p>An\u00ebtari i Kryesis\u00eb s\u00eb PD, Belind K\u00eblli\u00e7i tha gjat\u00eb konferenc\u00ebs p\u00ebr shtyp se, Erion Veliaj refuzon t\u00eb p\u00ebrgjigjet p\u00ebr afer\u00ebn e inceneratorit t\u00eb Tiran\u00ebs. K\u00eblli\u00e7i tha se, t\u00eb gjitha parat\u00eb p\u00ebr inceneratorin fantaz\u00ebm t\u00eb Tiran\u00ebs do t\u00eb paguhen nga Bashkia. \u201cN\u00eb vijim t\u00eb denoncimit t\u00eb b\u00ebr\u00eb dje p\u00ebr t\u00eb cilin sigurisht q\u00eb nuk mor\u00ebm asnj\u00eb &hellip;<\/p>\n","protected":false},"author":4,"featured_media":67726,"comment_status":"closed","ping_status":"closed","sticky":false,"template":"","format":"standard","meta":{"footnotes":""},"categories":[37],"tags":[],"class_list":["post-67725","post","type-post","status-publish","format-standard","has-post-thumbnail","","category-politike"],"_links":{"self":[{"href":"https:\/\/rdnews.al\/index.php\/wp-json\/wp\/v2\/posts\/67725","targetHints":{"allow":["GET"]}}],"collection":[{"href":"https:\/\/rdnews.al\/index.php\/wp-json\/wp\/v2\/posts"}],"about":[{"href":"https:\/\/rdnews.al\/index.php\/wp-json\/wp\/v2\/types\/post"}],"author":[{"embeddable":true,"href":"https:\/\/rdnews.al\/index.php\/wp-json\/wp\/v2\/users\/4"}],"replies":[{"embeddable":true,"href":"https:\/\/rdnews.al\/index.php\/wp-json\/wp\/v2\/comments?post=67725"}],"version-history":[{"count":0,"href":"https:\/\/rdnews.al\/index.php\/wp-json\/wp\/v2\/posts\/67725\/revisions"}],"wp:featuredmedia":[{"embeddable":true,"href":"https:\/\/rdnews.al\/index.php\/wp-json\/wp\/v2\/media\/67726"}],"wp:attachment":[{"href":"https:\/\/rdnews.al\/index.php\/wp-json\/wp\/v2\/media?parent=67725"}],"wp:term":[{"taxonomy":"category","embeddable":true,"href":"https:\/\/rdnews.al\/index.php\/wp-json\/wp\/v2\/categories?post=67725"},{"taxonomy":"post_tag","embeddable":true,"href":"https:\/\/rdnews.al\/index.php\/wp-json\/wp\/v2\/tags?post=67725"}],"curies":[{"name":"wp","href":"https:\/\/api.w.org\/{rel}","templated":true}]}}