{"id":67730,"date":"2023-12-29T12:16:33","date_gmt":"2023-12-29T12:16:33","guid":{"rendered":"https:\/\/rdnews.al\/?p=67730"},"modified":"2023-12-29T12:16:33","modified_gmt":"2023-12-29T12:16:33","slug":"nuk-kam-asnje-lloj-impresioni-se-cfare-vendimi-merret-neser-apo-pasneser-beteja-ime-eshte-pa-kthim","status":"publish","type":"post","link":"https:\/\/rdnews.al\/index.php\/2023\/12\/29\/nuk-kam-asnje-lloj-impresioni-se-cfare-vendimi-merret-neser-apo-pasneser-beteja-ime-eshte-pa-kthim\/","title":{"rendered":"Nuk kam asnj\u00eb lloj impresioni se \u00e7far\u00eb vendimi merret nes\u00ebr apo pasnes\u00ebr! Beteja ime \u00ebsht\u00eb pa kthim"},"content":{"rendered":"<p>Kryetari i PD, Sali Berisha tha se, un\u00eb nuk kam asnj\u00eb lloj impresioni se \u00e7far\u00eb vendimi merret nes\u00ebr apo pasnes\u00ebr. Berisha tha se, beteja ime \u00ebsht\u00eb pa kthim.<br \/>\n<strong>Gazetari:<\/strong> Cili \u00ebsht\u00eb q\u00ebndrimi i Sali Berish\u00ebs?<br \/>\n<strong>Berisha:<\/strong> Q\u00ebndrimi i Sali Berish\u00ebs nga dita 1 gjer sot \u00ebsht\u00eb vet\u00ebm nj\u00eb, mbrojtja e asaj q\u00eb quhet shtet ligjor, por nuk ekziston. Mbrojtja e Kushtetut\u00ebs kjo absolutisht p\u00ebr asnj\u00eb interes personal, por p\u00ebr interesin e \u00e7do qytetari q\u00eb beson se mund t\u00eb g\u00ebzoj\u00eb lirin\u00eb vet\u00ebm me pranin\u00eb e shtetit ligjor. Ndryshe ajo \u00ebsht\u00eb iluzion dhe joreale.<br \/>\nPra n\u00eb asnj\u00eb rast dhe n\u00eb asnj\u00eb rrethan\u00eb un\u00eb nuk kam nd\u00ebrhyr\u00eb n\u00eb asnj\u00eb proces dhe n\u00eb asnj\u00eb vendim, por vet\u00ebm kam mbrojtur ligjin dhe Kushtetut\u00ebn p\u00ebr \u00e7do qytetar q\u00eb beson se barazia para ligjit, se zbatimi i ligjit \u00ebsht\u00eb kushti i kushteve p\u00ebr t\u00eb garantuar lirit\u00eb e individit.<br \/>\nAsnj\u00eb rekomandim un\u00eb nuk u b\u00ebj avokat\u00ebve t\u00eb mi. N\u00eb qoft\u00eb se ka t\u00eb b\u00ebj\u00eb me q\u00ebndrime direkt t\u00eb miat, ata do m\u00eb pyesin. P\u00ebr t\u00eb tjerat, \u00e7far\u00eb ka t\u00eb b\u00ebj\u00eb me zbatimin e ligjit, legjitimitetin e procedurave gjyq\u00ebsore, ata kan\u00eb autoritet t\u00eb plot\u00eb t\u00eb vendosin pa m\u00eb pyetur fare. Ky \u00ebsht\u00eb raporti.<br \/>\nAta ushtrojn\u00eb profesionin e tyre dhe duhet ta ushtrojn\u00eb at\u00eb profesion n\u00eb variantin m\u00eb t\u00eb mir\u00eb, m\u00eb dinjitoz q\u00eb ata e konsiderojn\u00eb.<br \/>\nUn\u00eb nuk kam asnj\u00eb lloj impresioni se \u00e7far\u00eb vendimi merret nes\u00ebr apo pasnes\u00ebr. Beteja ime \u00ebsht\u00eb pa kthim. Kjo \u00ebsht\u00eb ajo q\u00eb un\u00eb kam deklaruar dhe ajo betej\u00eb do vazhdoj\u00eb gjer n\u00eb triumfin e plot\u00eb, rikthimin e pluralizmit politik n\u00eb vendin tim.<\/p>\n","protected":false},"excerpt":{"rendered":"<p>Kryetari i PD, Sali Berisha tha se, un\u00eb nuk kam asnj\u00eb lloj impresioni se \u00e7far\u00eb vendimi merret nes\u00ebr apo pasnes\u00ebr. Berisha tha se, beteja ime \u00ebsht\u00eb pa kthim. Gazetari: Cili \u00ebsht\u00eb q\u00ebndrimi i Sali Berish\u00ebs? Berisha: Q\u00ebndrimi i Sali Berish\u00ebs nga dita 1 gjer sot \u00ebsht\u00eb vet\u00ebm nj\u00eb, mbrojtja e asaj q\u00eb quhet shtet ligjor, &hellip;<\/p>\n","protected":false},"author":4,"featured_media":67731,"comment_status":"closed","ping_status":"closed","sticky":false,"template":"","format":"standard","meta":{"footnotes":""},"categories":[37],"tags":[],"class_list":["post-67730","post","type-post","status-publish","format-standard","has-post-thumbnail","","category-politike"],"_links":{"self":[{"href":"https:\/\/rdnews.al\/index.php\/wp-json\/wp\/v2\/posts\/67730","targetHints":{"allow":["GET"]}}],"collection":[{"href":"https:\/\/rdnews.al\/index.php\/wp-json\/wp\/v2\/posts"}],"about":[{"href":"https:\/\/rdnews.al\/index.php\/wp-json\/wp\/v2\/types\/post"}],"author":[{"embeddable":true,"href":"https:\/\/rdnews.al\/index.php\/wp-json\/wp\/v2\/users\/4"}],"replies":[{"embeddable":true,"href":"https:\/\/rdnews.al\/index.php\/wp-json\/wp\/v2\/comments?post=67730"}],"version-history":[{"count":0,"href":"https:\/\/rdnews.al\/index.php\/wp-json\/wp\/v2\/posts\/67730\/revisions"}],"wp:featuredmedia":[{"embeddable":true,"href":"https:\/\/rdnews.al\/index.php\/wp-json\/wp\/v2\/media\/67731"}],"wp:attachment":[{"href":"https:\/\/rdnews.al\/index.php\/wp-json\/wp\/v2\/media?parent=67730"}],"wp:term":[{"taxonomy":"category","embeddable":true,"href":"https:\/\/rdnews.al\/index.php\/wp-json\/wp\/v2\/categories?post=67730"},{"taxonomy":"post_tag","embeddable":true,"href":"https:\/\/rdnews.al\/index.php\/wp-json\/wp\/v2\/tags?post=67730"}],"curies":[{"name":"wp","href":"https:\/\/api.w.org\/{rel}","templated":true}]}}