{"id":67734,"date":"2023-12-29T12:23:31","date_gmt":"2023-12-29T12:23:31","guid":{"rendered":"https:\/\/rdnews.al\/?p=67734"},"modified":"2023-12-29T12:23:31","modified_gmt":"2023-12-29T12:23:31","slug":"berisha-paralajmeron-se-do-te-publikoje-kontraten-bolino-rama","status":"publish","type":"post","link":"https:\/\/rdnews.al\/index.php\/2023\/12\/29\/berisha-paralajmeron-se-do-te-publikoje-kontraten-bolino-rama\/","title":{"rendered":"Berisha paralajm\u00ebron se do t\u00eb publikoj\u00eb kontrat\u00ebn Bolino-Rama!"},"content":{"rendered":"<p>Kryetari i PD, Sali Berisha Berisha paralajm\u00ebroi n\u00eb konferenc\u00ebn p\u00ebr shtyp se do t\u00eb publikoj\u00eb kontrat\u00ebn Bolino-Rama. Berisha tha se, i them z\u00ebdh\u00ebn\u00ebsit t\u00eb Veliajt, lexoje pak faqen e dyt\u00eb.<br \/>\n\u201cKjo \u00ebsht\u00eb nj\u00eb kontrat\u00eb e asaj vjedhje dhe grabitje t\u00eb tmerrshme q\u00eb ka b\u00ebr\u00eb Edi Rama me Karlo Bolinon me kat\u00ebr vendime qeveritare si n\u00eb asnj\u00eb afer\u00eb tjet\u00ebr n\u00eb arkivat e shtetit shqiptar. Kat\u00ebr vendime qeveritare t\u00eb personalizuara p\u00ebr t\u00eb marr\u00eb nga familje fisnike tiranase rreth 5 mij\u00eb met\u00ebr tok\u00eb, nga t\u00eb cilat vet\u00ebm nga familja Begeja jan\u00eb m\u00eb shum\u00eb se 1500 met\u00ebr sipas matjeve t\u00eb sakta q\u00eb jan\u00eb b\u00ebr\u00eb.<br \/>\nPo grabitja \u00ebsht\u00eb nj\u00ebri aspekt m\u00eb i turpsh\u00ebm i Edi Ram\u00ebs. Aspekt tjet\u00ebr akoma m\u00eb kriminal \u00ebsht\u00eb se si ata kan\u00eb falsifikuar t\u00eb dh\u00ebna dhe kontrat\u00ebn.<br \/>\nUn\u00eb, z\u00ebdh\u00ebn\u00ebsit t\u00eb Erion Veliajt, Bolino, q\u00eb ka marr\u00eb tani rolin e Blushit, i them e ke kartolin\u00eb k\u00ebt\u00eb kontrat\u00eb, lexoje pak faqen e dyt\u00eb t\u00eb saj.<br \/>\nPubliku do e m\u00ebsoj\u00eb pas Vitit t\u00eb Ri, se tani nuk e ka shum\u00eb mendjen te kontratat, mashtrimet dhe falsifikimet e Bolinos. Ngarkesa \u00ebsht\u00eb tjet\u00ebr tani, \u00ebsht\u00eb ngarkes\u00eb pozitive&#8230;<br \/>\n&#8230;Tani, skapist\u00ebt si\u00e7 e kam th\u00ebn\u00eb dhe e them jan\u00eb nj\u00eb mburoj\u00eb, jan\u00eb b\u00ebr\u00eb nj\u00eb parzmore e vjedhjes s\u00eb shekullit dhe t\u00eb gjith\u00eb akteve t\u00eb qeveritar\u00ebve dhe lakejve t\u00eb tyre.<br \/>\nK\u00ebshtu q\u00eb shanset se Bolino do p\u00ebrgjigjet p\u00ebr falsifikimin jan\u00eb zero. Por ne kemi besim te gjykat\u00ebsi publik. Ne i paraqesim para publikut, ndon\u00ebse nj\u00eb depozitim edhe mund t\u00eb ndodh\u00eb.<br \/>\nPor si\u00e7 e shihni, Skapi tani \u00ebsht\u00eb nj\u00eb organizat\u00eb kriminale, e mbushur me grupe kriminale q\u00eb ndjekin interesa kriminale\u201d, tha Berisha.<\/p>\n","protected":false},"excerpt":{"rendered":"<p>Kryetari i PD, Sali Berisha Berisha paralajm\u00ebroi n\u00eb konferenc\u00ebn p\u00ebr shtyp se do t\u00eb publikoj\u00eb kontrat\u00ebn Bolino-Rama. Berisha tha se, i them z\u00ebdh\u00ebn\u00ebsit t\u00eb Veliajt, lexoje pak faqen e dyt\u00eb. \u201cKjo \u00ebsht\u00eb nj\u00eb kontrat\u00eb e asaj vjedhje dhe grabitje t\u00eb tmerrshme q\u00eb ka b\u00ebr\u00eb Edi Rama me Karlo Bolinon me kat\u00ebr vendime qeveritare si n\u00eb &hellip;<\/p>\n","protected":false},"author":4,"featured_media":67735,"comment_status":"closed","ping_status":"closed","sticky":false,"template":"","format":"standard","meta":{"footnotes":""},"categories":[37],"tags":[],"class_list":["post-67734","post","type-post","status-publish","format-standard","has-post-thumbnail","","category-politike"],"_links":{"self":[{"href":"https:\/\/rdnews.al\/index.php\/wp-json\/wp\/v2\/posts\/67734","targetHints":{"allow":["GET"]}}],"collection":[{"href":"https:\/\/rdnews.al\/index.php\/wp-json\/wp\/v2\/posts"}],"about":[{"href":"https:\/\/rdnews.al\/index.php\/wp-json\/wp\/v2\/types\/post"}],"author":[{"embeddable":true,"href":"https:\/\/rdnews.al\/index.php\/wp-json\/wp\/v2\/users\/4"}],"replies":[{"embeddable":true,"href":"https:\/\/rdnews.al\/index.php\/wp-json\/wp\/v2\/comments?post=67734"}],"version-history":[{"count":0,"href":"https:\/\/rdnews.al\/index.php\/wp-json\/wp\/v2\/posts\/67734\/revisions"}],"wp:featuredmedia":[{"embeddable":true,"href":"https:\/\/rdnews.al\/index.php\/wp-json\/wp\/v2\/media\/67735"}],"wp:attachment":[{"href":"https:\/\/rdnews.al\/index.php\/wp-json\/wp\/v2\/media?parent=67734"}],"wp:term":[{"taxonomy":"category","embeddable":true,"href":"https:\/\/rdnews.al\/index.php\/wp-json\/wp\/v2\/categories?post=67734"},{"taxonomy":"post_tag","embeddable":true,"href":"https:\/\/rdnews.al\/index.php\/wp-json\/wp\/v2\/tags?post=67734"}],"curies":[{"name":"wp","href":"https:\/\/api.w.org\/{rel}","templated":true}]}}