{"id":67741,"date":"2023-12-29T12:37:17","date_gmt":"2023-12-29T12:37:17","guid":{"rendered":"https:\/\/rdnews.al\/?p=67741"},"modified":"2023-12-29T12:37:17","modified_gmt":"2023-12-29T12:37:17","slug":"berisha-skap-i-po-behet-gati-per-amnistine-e-trete-te-beqajt","status":"publish","type":"post","link":"https:\/\/rdnews.al\/index.php\/2023\/12\/29\/berisha-skap-i-po-behet-gati-per-amnistine-e-trete-te-beqajt\/","title":{"rendered":"Berisha: SKAP-i po b\u00ebhet gati p\u00ebr amnistin\u00eb e tret\u00eb t\u00eb Beqajt!"},"content":{"rendered":"<p>Kryetari i PD, Sali Berisha tha se, Skapi po b\u00ebhet gati p\u00ebr amnistin\u00eb e tret\u00eb t\u00eb Beqajt! Berisha tha m\u00eb tej se, ne do protestojm\u00eb ndaj tyre se jan\u00eb arm\u00eb e diktatur\u00ebs.<br \/>\n\u201cKjo q\u00eb po b\u00ebhet \u00ebsht\u00eb p\u00ebr t\u00eb shkuar drejt amnistis\u00eb s\u00eb tret\u00eb p\u00ebr Ilir Beqajn.<br \/>\nT\u00eb mos b\u00ebsh p\u00ebrgjegj\u00ebs Ilir Beqajn, q\u00eb ka em\u00ebruar kush\u00ebririn e tij t\u00eb par\u00eb, mos gaboj me mbiemrin Byrazeri, p\u00ebr t\u00eb b\u00ebr\u00eb studimin e fizibilitetit; t\u00eb mos b\u00ebsh p\u00ebrgjegj\u00ebs Ilir Beqajn, q\u00eb jasht\u00eb \u00e7do tagri ka p\u00ebrcaktuar me pik\u00eb kompanin\u00eb fitues t\u00eb Rrapajt- q\u00eb \u00ebsht\u00eb njeriu i Ram\u00ebs 100 p\u00ebrqind; t\u00eb mos b\u00ebsh p\u00ebrgjegj\u00ebs Ilir Beqajn, i cili ka mashtruar publikisht se \u00e7mimi \u00ebsht\u00eb dy her\u00eb m\u00eb i lir\u00eb, n\u00eb nj\u00eb koh\u00eb kur \u00e7mimi del 83 her\u00eb m\u00eb i shtrenjt\u00eb; t\u00eb mos b\u00ebsh p\u00ebrgjegj\u00ebs Ilir Beqajn n\u00eb nj\u00eb koh\u00eb kur vendos t\u2019i fal\u00eb koncesionarit sterilizatorin gjigant ultramodern t\u00eb bler\u00eb me 1.6 milion\u00eb euro nga parat\u00eb e shqiptar\u00ebve, t\u2019i fal\u00ebsh nj\u00eb kat t\u00eb t\u00ebr\u00eb t\u00eb spitalit t\u00eb sapond\u00ebrtuar, k\u00ebto ndodhin se ajo \u00ebsht\u00eb sip\u00ebrmarrja Rama-Beqaj.<br \/>\nKjo q\u00eb b\u00ebjn\u00eb k\u00ebta \u00ebsht\u00eb e nj\u00ebjta gj\u00eb, identike me vjedhjen e par\u00eb, fillojn\u00eb, ndajn\u00eb, b\u00ebjn\u00eb, krijojn\u00eb p\u00ebrshtypjen sikur po k\u00ebrkojn\u00eb parat\u00eb.<br \/>\nTani do u tregoj nj\u00eb moment. \u00cbsht\u00eb nj\u00eb inspektor, specialist, i cili ka punuar n\u00eb Ministrin\u00eb e Mbrojtjes, nj\u00eb njeri i zoti. E heqin nga puna. Ky njeri shkon n\u00eb sektor privat, ekspert privat n\u00eb nj\u00eb lloj detyre.<br \/>\nK\u00ebt\u00eb njeri, Fatmir Bektashi n\u00eb kuadrin e k\u00ebrkesave q\u00eb kan\u00eb nd\u00ebrtuesit, q\u00eb duhet t\u00eb plot\u00ebsojn\u00eb nd\u00ebrtuesit p\u00ebr certifikata e gj\u00ebra, e merr nga sektori privat p\u00ebr t\u00eb supervizuar nj\u00eb zhvillim n\u00eb kompani.<br \/>\nE kupton q\u00eb k\u00ebt\u00eb e quajn\u00eb konflikt interesi Kraja dhe Millonai? Se Fatmir Bektashi dhe Besnik Dervishi kan\u00eb t\u00eb p\u00ebrbashk\u00ebt q\u00eb jan\u00eb qytetar\u00eb t\u00eb Tiran\u00ebs. Pse ky ka punuar n\u00eb ministri n\u00eb koh\u00ebn kur ka ndodhur rikthimi i pron\u00ebs, se nuk e kthen ministria, e regjistrojn\u00eb si aludim p\u00ebr konflikt interesi.<br \/>\nAjo q\u00eb mund t\u00eb them un\u00eb, mercenar\u00eb si k\u00ebta nuk ka toka.<br \/>\nKy \u00ebsht\u00eb nj\u00eb shembull krahasimi. Byrazeri, kush\u00ebriri i par\u00eb q\u00eb b\u00ebn fizibiliteti, p\u00ebr k\u00ebt\u00eb nuk ka r\u00ebnd\u00ebsi se \u00ebsht\u00eb i Beqajt. Kurse ky tjetri, me t\u00eb cilin nuk ka lidhje mbi tok\u00eb, kan\u00eb regjistruar metodat m\u00eb t\u00eb ul\u00ebta, m\u00eb t\u00eb turpshme t\u00eb Sigurimit t\u00eb Shtetit.<br \/>\nDhe u shfaq\u00ebn me sh\u00ebmtin\u00eb m\u00eb t\u00eb madhe n\u00eb rastin e gazetarit Elton Qyno. E pat\u00eb ju se si shoqatat e menderosura t\u00eb medieve nuk reaguan? Nuk kishte akt m\u00eb t\u00eb turpsh\u00ebm se ia.<br \/>\nN\u00eb \u00e7do vend t\u00eb bot\u00ebs, gazetar\u00ebt do t\u00eb ishin para asaj nd\u00ebrtese krimi q\u00eb rr\u00ebmben dhe trajton gazetar\u00ebt n\u00eb m\u00ebnyr\u00ebn m\u00eb \u00e7dinjitoze. Kurse k\u00ebtu asnj\u00eb shoqat\u00eb nuk flet nj\u00eb fjal\u00eb p\u00ebr t\u00eb, bota flet.<br \/>\nP\u00ebr t\u00eb par\u00eb gjendjen katastrofale n\u00eb t\u00eb cil\u00ebn ndodhet media.<br \/>\nA duhet t\u2019i themi arm\u00eb e diktatur\u00ebs k\u00ebsaj prokurorie? E rr\u00ebmbyen tjetrin. E rr\u00ebmbyen, se avokati thot\u00eb se \u00ebsht\u00eb emri i Taulant Ball\u00ebs dhe Edi Ram\u00ebs n\u00eb dosje.<br \/>\nPo \u00e7\u2019faj ka gazetari pse shesin prokuror\u00ebt e Skapit dosjen? A mund t\u00eb ket\u00eb logjik\u00eb njer\u00ebzore?<br \/>\nVet\u00ebm n\u00eb Bjellorusi dhe Rusi ndodh kjo.<br \/>\nDhe nuk proteston njeri.<br \/>\nNe do protestojm\u00eb. Do jen\u00eb objekt. \u00cbsht\u00eb arm\u00eb e diktatur\u00ebs. Do protestohet me forc\u00ebn m\u00eb t\u00eb madhe. Pa diskutim!\u201d, tha Berisha.<\/p>\n","protected":false},"excerpt":{"rendered":"<p>Kryetari i PD, Sali Berisha tha se, Skapi po b\u00ebhet gati p\u00ebr amnistin\u00eb e tret\u00eb t\u00eb Beqajt! Berisha tha m\u00eb tej se, ne do protestojm\u00eb ndaj tyre se jan\u00eb arm\u00eb e diktatur\u00ebs. \u201cKjo q\u00eb po b\u00ebhet \u00ebsht\u00eb p\u00ebr t\u00eb shkuar drejt amnistis\u00eb s\u00eb tret\u00eb p\u00ebr Ilir Beqajn. T\u00eb mos b\u00ebsh p\u00ebrgjegj\u00ebs Ilir Beqajn, q\u00eb ka &hellip;<\/p>\n","protected":false},"author":4,"featured_media":67742,"comment_status":"closed","ping_status":"closed","sticky":false,"template":"","format":"standard","meta":{"footnotes":""},"categories":[37],"tags":[],"class_list":["post-67741","post","type-post","status-publish","format-standard","has-post-thumbnail","","category-politike"],"_links":{"self":[{"href":"https:\/\/rdnews.al\/index.php\/wp-json\/wp\/v2\/posts\/67741","targetHints":{"allow":["GET"]}}],"collection":[{"href":"https:\/\/rdnews.al\/index.php\/wp-json\/wp\/v2\/posts"}],"about":[{"href":"https:\/\/rdnews.al\/index.php\/wp-json\/wp\/v2\/types\/post"}],"author":[{"embeddable":true,"href":"https:\/\/rdnews.al\/index.php\/wp-json\/wp\/v2\/users\/4"}],"replies":[{"embeddable":true,"href":"https:\/\/rdnews.al\/index.php\/wp-json\/wp\/v2\/comments?post=67741"}],"version-history":[{"count":0,"href":"https:\/\/rdnews.al\/index.php\/wp-json\/wp\/v2\/posts\/67741\/revisions"}],"wp:featuredmedia":[{"embeddable":true,"href":"https:\/\/rdnews.al\/index.php\/wp-json\/wp\/v2\/media\/67742"}],"wp:attachment":[{"href":"https:\/\/rdnews.al\/index.php\/wp-json\/wp\/v2\/media?parent=67741"}],"wp:term":[{"taxonomy":"category","embeddable":true,"href":"https:\/\/rdnews.al\/index.php\/wp-json\/wp\/v2\/categories?post=67741"},{"taxonomy":"post_tag","embeddable":true,"href":"https:\/\/rdnews.al\/index.php\/wp-json\/wp\/v2\/tags?post=67741"}],"curies":[{"name":"wp","href":"https:\/\/api.w.org\/{rel}","templated":true}]}}