{"id":67938,"date":"2024-01-03T10:06:53","date_gmt":"2024-01-03T10:06:53","guid":{"rendered":"https:\/\/rdnews.al\/?p=67938"},"modified":"2024-01-03T10:06:53","modified_gmt":"2024-01-03T10:06:53","slug":"kush-i-gatoi-qifqinjte-po-dopio-rakite-e-policeve-kush-do-ti-paguaje","status":"publish","type":"post","link":"https:\/\/rdnews.al\/index.php\/2024\/01\/03\/kush-i-gatoi-qifqinjte-po-dopio-rakite-e-policeve-kush-do-ti-paguaje\/","title":{"rendered":"&#8220;Kush i gatoi qifqinjt\u00eb? Po dopio rakit\u00eb e polic\u00ebve kush do t&#8217;i paguaj\u00eb?&#8221;"},"content":{"rendered":"<p><strong>Alba KEPI<\/strong><\/p>\n<p>Elita shqiptare \u00ebsht\u00eb ulur k\u00ebmb\u00ebkryq n\u00eb cdo studio televizive n\u00eb k\u00ebto dit\u00eb feste t\u00eb fillim vitit t\u00eb ri.<\/p>\n<p>&#8220;Si ka q\u00ebn\u00eb 2023 p\u00ebr ju?&#8221;, pyesin moderator\u00ebt.<\/p>\n<p>Artist\u00eb, k\u00ebng\u00eatar\u00eb, shkrimtar\u00eb, studiues, muzikant\u00eb, piktor\u00eb &#8230; p\u00ebrgigjen;<br \/>\n&#8220;Nj\u00eb vit shum\u00eb i mir\u00eb!&#8221;<br \/>\n&#8220;Nj\u00eb vit nga m\u00eb i miri&#8221;!<\/p>\n<p>N\u00eb pakt me th\u00ebnien &#8220;se nuk merren me politik\u00eb&#8221;, rehatosen n\u00eb skenografit\u00eb televizive pa cek as nj\u00eb fill reflektimi mbi realitetin e v\u00ebshtir\u00eb ku p\u00earballet Shqip\u00ebria.<\/p>\n<p>C&#8217;i duhet?<\/p>\n<p>Ah n\u00ebse halli personal iu prek tok\u00ebn ku ecin, at\u00ebher\u00eb po, me letra publike u drejtohen kombit, Shqip\u00ebris\u00eb, shqiptar\u00ebve e politik\u00ebs.<\/p>\n<p>E n\u00eb em\u00ebr t\u00eb rolit t\u00eb elit\u00ebs k\u00ebrkojn\u00eb e pretendojn\u00eb t\u00eb respektohen.<\/p>\n<p>Por n\u00ebse kjo nuk ndodh, at\u00ebher\u00eb p\u00ebr ta cdo gj\u00eb ec\u00ebn &#8220;mrekullisht&#8221; mir\u00eb, aq mir\u00eb sa me politik\u00eb nuk merren.<\/p>\n<p>Plot nj\u00eb shekull m\u00eb par\u00eb elita e k\u00ebtij kombi si n\u00eb diaspor\u00eb e n\u00eb cdo qytet e krahin\u00eb shqiptare, bashkoi forcat n\u00eb Komitete, L\u00ebvizje, klube patriotike p\u00ebr t\u00eb v\u00ebn\u00eb themelet e k\u00ebtij shteti.<\/p>\n<p>Sot k\u00ebto pilastre shkelen cdo dit\u00eb bashk\u00eb me pasuri komb\u00ebtare, histori, identitet, vlera e moral qytetarie e shpirt lirie.<\/p>\n<p>Elita e sotme &#8220;nuk merret me politik\u00eb&#8221; e n\u00eb nat\u00ebn e nd\u00ebrrimit t\u00eb viteve jan\u00eb ulur ball\u00eb p\u00ebr ball\u00eb me Kryeministrin, ministrin, deputetin e luajn\u00eb kungulleshka;<\/p>\n<p>&#8220;Kush i gatoi qifqinjt\u00eb o kush ia pagoi dopio rakit\u00eb polic\u00ebve?&#8221;<\/p>\n<p>Jo nuk merret me politike, thjesht po duartrokasin.<\/p>\n","protected":false},"excerpt":{"rendered":"<p>Alba KEPI Elita shqiptare \u00ebsht\u00eb ulur k\u00ebmb\u00ebkryq n\u00eb cdo studio televizive n\u00eb k\u00ebto dit\u00eb feste t\u00eb fillim vitit t\u00eb ri. &#8220;Si ka q\u00ebn\u00eb 2023 p\u00ebr ju?&#8221;, pyesin moderator\u00ebt. Artist\u00eb, k\u00ebng\u00eatar\u00eb, shkrimtar\u00eb, studiues, muzikant\u00eb, piktor\u00eb &#8230; p\u00ebrgigjen; &#8220;Nj\u00eb vit shum\u00eb i mir\u00eb!&#8221; &#8220;Nj\u00eb vit nga m\u00eb i miri&#8221;! N\u00eb pakt me th\u00ebnien &#8220;se nuk merren me &hellip;<\/p>\n","protected":false},"author":4,"featured_media":44673,"comment_status":"closed","ping_status":"closed","sticky":false,"template":"","format":"standard","meta":{"footnotes":""},"categories":[44],"tags":[],"class_list":["post-67938","post","type-post","status-publish","format-standard","has-post-thumbnail","","category-editorial"],"_links":{"self":[{"href":"https:\/\/rdnews.al\/index.php\/wp-json\/wp\/v2\/posts\/67938","targetHints":{"allow":["GET"]}}],"collection":[{"href":"https:\/\/rdnews.al\/index.php\/wp-json\/wp\/v2\/posts"}],"about":[{"href":"https:\/\/rdnews.al\/index.php\/wp-json\/wp\/v2\/types\/post"}],"author":[{"embeddable":true,"href":"https:\/\/rdnews.al\/index.php\/wp-json\/wp\/v2\/users\/4"}],"replies":[{"embeddable":true,"href":"https:\/\/rdnews.al\/index.php\/wp-json\/wp\/v2\/comments?post=67938"}],"version-history":[{"count":0,"href":"https:\/\/rdnews.al\/index.php\/wp-json\/wp\/v2\/posts\/67938\/revisions"}],"wp:featuredmedia":[{"embeddable":true,"href":"https:\/\/rdnews.al\/index.php\/wp-json\/wp\/v2\/media\/44673"}],"wp:attachment":[{"href":"https:\/\/rdnews.al\/index.php\/wp-json\/wp\/v2\/media?parent=67938"}],"wp:term":[{"taxonomy":"category","embeddable":true,"href":"https:\/\/rdnews.al\/index.php\/wp-json\/wp\/v2\/categories?post=67938"},{"taxonomy":"post_tag","embeddable":true,"href":"https:\/\/rdnews.al\/index.php\/wp-json\/wp\/v2\/tags?post=67938"}],"curies":[{"name":"wp","href":"https:\/\/api.w.org\/{rel}","templated":true}]}}