{"id":68039,"date":"2024-01-04T13:02:10","date_gmt":"2024-01-04T13:02:10","guid":{"rendered":"https:\/\/rdnews.al\/?p=68039"},"modified":"2024-01-04T13:02:10","modified_gmt":"2024-01-04T13:02:10","slug":"kalaja-kallezon-ne-spak-anetaren-e-gjykates-kushtetuese-marsida-xhaferrllari","status":"publish","type":"post","link":"https:\/\/rdnews.al\/index.php\/2024\/01\/04\/kalaja-kallezon-ne-spak-anetaren-e-gjykates-kushtetuese-marsida-xhaferrllari\/","title":{"rendered":"Kalaja kall\u00ebzon n\u00eb SPAK an\u00ebtaren e Gjykat\u00ebs Kushtetuese Marsida Xhaferrllari"},"content":{"rendered":"<p>Avokatja Adriana Kalaja ka kall\u00ebzuar n\u00eb SPAK an\u00ebtaren e Gjykat\u00ebs Kushtetuese Marsida Xhaferrllari. Kalaja tha p\u00ebr mediat se, zonja Xhaferrllari ka kryer dy vepra penale referuar dispozitave ligjore, vepr\u00ebn penale t\u00eb shp\u00ebrdorimit t\u00eb detyr\u00ebs dhe vepr\u00ebn penale te ushtrimit t\u00eb ndikimit t\u00eb paligjsh\u00ebm.<\/p>\n<p>\u201cUn\u00eb sot kam b\u00ebr\u00eb kall\u00ebzimin e radh\u00ebs dhe subjekt i k\u00ebtij kall\u00ebzimi \u00ebsht\u00eb zonja Marsida Xhaferllari, an\u00ebtar\u00eb e Gjykat\u00ebs Kushteutese. Sipas provave q\u00eb paraqes sot p\u00ebrpara SPAK, zonja Xhaferrllari ka kryer dy vepra penale referuar dispozitave ligjore. Vepr\u00ebn penale t\u00eb shp\u00ebrdorimit t\u00eb detyr\u00ebs dhe vepr\u00ebn penale te ushtrimit t\u00eb ndikimit t\u00eb paligjsh\u00ebm.<\/p>\n<p>Referuar po k\u00ebtyre provave, rezulton q\u00eb zonja Xhaferrllari n\u00eb konflikt t\u00eb past\u00ebr interesi ka marr\u00eb n\u00eb shqyrtim dhe ka votuar p\u00ebr nj\u00eb \u00e7\u00ebshtje ku k\u00ebrkues \u00ebsht\u00eb edhe personi q\u00eb bashk\u00ebjeton. Ligji i konfliktit t\u00eb interesit e parandalon nj\u00eb gj\u00eb t\u00eb till\u00eb. Po k\u00ebshtu edhe procesi i vetingut ka parashikuar rregulla t\u00eb qarta p\u00ebr persona t\u00eb cil\u00ebt bashk\u00ebjetojn\u00eb. Nga ana tjet\u00ebr rezulton sipas k\u00ebtyre provave se zonja Xhaferrllari ka ushtruar ndikim t\u00eb paligjsh\u00ebm ndaj an\u00ebtar\u00ebve t\u00eb tjer\u00eb t\u00eb Gjykat\u00ebs Kushtetuese me q\u00ebllim q\u00eb ato t\u00eb votonin pro \u00e7\u00ebshtjes ku zonja xhaferrllari ishte relatore dhe kjo ka t\u00eb b\u00ebj\u00eb me kerkes\u00ebn e b\u00ebr\u00eb nga grupi i deputet\u00ebve q\u00eb jan\u00eb n\u00eb mb\u00ebshtetje t\u00eb zotit Basha. K\u00ebrkes\u00eb e cila fatmir\u00ebsisht u rrezua nga Gjykata Kushtetuese n\u00eb lidhje me marr\u00ebveshjen Rama \u2013 Meloni. Por n\u00eb k\u00ebt\u00eb kuad\u00ebr zonja Xhaferrllari p\u00ebrve\u00e7se ka qen\u00eb relatore e k\u00ebsaj \u00e7eshtje, nga ana tjet\u00ebr ka b\u00ebr\u00eb edhe ushtrim t\u00eb ndikimit t\u00eb paligjsh\u00ebm ndaj koleg\u00ebve t\u00eb saj me q\u00ebllim q\u00eb edhe ky grupim t\u00eb faktorizohet n\u00ebp\u00ebrmjet pranimit t\u00eb k\u00ebrkes\u00ebs.<\/p>\n<p>N\u00eb k\u00ebt\u00eb kuptim un\u00eb i kam k\u00ebrkuar SPAKU-ut, n\u00ebp\u00ebrmjet kall\u00ebzimit, t\u00eb sekuestroj\u00eb t\u00eb gjith\u00eb paisjet elektronike q\u00eb disponon zonja Xhaferrllari, kamerat e Gjykat\u00ebs Kushtetuese, ku do t\u00eb evidentohet sipas informacioneve q\u00eb kam nga administrata e k\u00ebsaj Gjykate, se si zonja Xhaferrllari n\u00eb shp\u00ebrdorim t\u00eb detyr\u00ebs, shkon zyr\u00eb m\u00eb zyr\u00eb duke i b\u00ebr\u00eb nj\u00eb presion minimal k\u00ebtyre gjyqtar\u00ebve q\u00eb t\u00eb votojn\u00eb pro k\u00ebrkes\u00ebs s\u00eb zotit Basha dhe mb\u00ebshtet\u00ebseve te tij. Nga ana tjet\u00ebr i kam k\u00ebrkuar Komisionit t\u00eb Pavarur t\u00eb Apelimit t\u00eb filloj\u00eb nj\u00eb hetim disiplinor, sepse jemi p\u00ebrpara faktit t\u00eb nj\u00eb shkelje flagrante t\u00eb ligjit, t\u00eb konfliktit t\u00eb past\u00ebr t\u00eb interesit dhe k\u00ebt\u00eb k\u00ebrkes\u00eb ja kam b\u00ebr\u00eb gjithashtu edhe Inspektoratit t\u00eb Lart\u00eb t\u00eb Deklarimit t\u00eb Pasurive dhe t\u00eb Konfliktit t\u00eb Interesit, si dhe Kryetares s\u00eb Gjykat\u00ebs Kushtetuese t\u00eb cil\u00ebs i kam k\u00ebrkuar nisjen e nj\u00eb procedimi disiplinor. Po k\u00ebshtu e quaj me vend t\u00eb deklaroj p\u00ebrpara qytetar\u00ebve q\u00eb me ndjekin n\u00eb k\u00ebto momente se p\u00ebrve\u00e7 rasteve q\u00eb un\u00eb kam parashtruar n\u00eb kall\u00ebzim, rasti me flagrant \u00ebsht\u00eb ku nj\u00eb e pesta e deputet\u00ebve ka k\u00ebrkuar interpretimin e nenit 73, pika 2 e kushtetut\u00ebs. Nd\u00ebrkoh\u00eb q\u00eb gjith\u00eb publiku \u00ebsht\u00eb v\u00ebn\u00eb n\u00eb dijeni t\u00eb deklarat\u00ebs s\u00eb b\u00ebr\u00eb nga zoti Enkeled Alibeaj n\u00eb K\u00ebshillin e mandateve dhe t\u00eb rregullores. Nd\u00ebrkoh\u00eb q\u00eb zotoi Alibeaj voton pro heqjes s\u00eb imunitetit t\u00eb zotit Berisha dhe b\u00ebn nj\u00eb sulm frontal t\u00eb paprecedent dhe t\u00eb papranuesh\u00ebm p\u00ebr pozicionin q\u00eb ai ka patur dhe ka p\u00ebr momentin n\u00eb Kuvendin e Shqip\u00ebris\u00eb. Nga ana tjet\u00ebr kjo zonj\u00eb q\u00eb bashk\u00ebjeton me deputetin Enkelejd Alibeaj voton kundra k\u00ebsaj k\u00ebrkese. T\u00eb pakt\u00ebn nga informacionet q\u00eb un\u00eb kam. Dhe po k\u00ebshtu pa kaluar as dy dit\u00eb nga votimi q\u00eb b\u00ebn dhe pa kaluar as dy dit\u00eb nga \u00e7\u00ebshtja q\u00eb guxon kjo zonj\u00eb t\u00eb jet\u00eb edhe relatore, shkon dhe feston n\u00eb festen q\u00eb ka organizuar deputeti Lulzim Basha me grupimin e tij\u201d, u shpreh Kalaja.<\/p>\n","protected":false},"excerpt":{"rendered":"<p>Avokatja Adriana Kalaja ka kall\u00ebzuar n\u00eb SPAK an\u00ebtaren e Gjykat\u00ebs Kushtetuese Marsida Xhaferrllari. Kalaja tha p\u00ebr mediat se, zonja Xhaferrllari ka kryer dy vepra penale referuar dispozitave ligjore, vepr\u00ebn penale t\u00eb shp\u00ebrdorimit t\u00eb detyr\u00ebs dhe vepr\u00ebn penale te ushtrimit t\u00eb ndikimit t\u00eb paligjsh\u00ebm. \u201cUn\u00eb sot kam b\u00ebr\u00eb kall\u00ebzimin e radh\u00ebs dhe subjekt i k\u00ebtij kall\u00ebzimi &hellip;<\/p>\n","protected":false},"author":4,"featured_media":67751,"comment_status":"closed","ping_status":"closed","sticky":false,"template":"","format":"standard","meta":{"footnotes":""},"categories":[37],"tags":[],"class_list":["post-68039","post","type-post","status-publish","format-standard","has-post-thumbnail","","category-politike"],"_links":{"self":[{"href":"https:\/\/rdnews.al\/index.php\/wp-json\/wp\/v2\/posts\/68039","targetHints":{"allow":["GET"]}}],"collection":[{"href":"https:\/\/rdnews.al\/index.php\/wp-json\/wp\/v2\/posts"}],"about":[{"href":"https:\/\/rdnews.al\/index.php\/wp-json\/wp\/v2\/types\/post"}],"author":[{"embeddable":true,"href":"https:\/\/rdnews.al\/index.php\/wp-json\/wp\/v2\/users\/4"}],"replies":[{"embeddable":true,"href":"https:\/\/rdnews.al\/index.php\/wp-json\/wp\/v2\/comments?post=68039"}],"version-history":[{"count":0,"href":"https:\/\/rdnews.al\/index.php\/wp-json\/wp\/v2\/posts\/68039\/revisions"}],"wp:featuredmedia":[{"embeddable":true,"href":"https:\/\/rdnews.al\/index.php\/wp-json\/wp\/v2\/media\/67751"}],"wp:attachment":[{"href":"https:\/\/rdnews.al\/index.php\/wp-json\/wp\/v2\/media?parent=68039"}],"wp:term":[{"taxonomy":"category","embeddable":true,"href":"https:\/\/rdnews.al\/index.php\/wp-json\/wp\/v2\/categories?post=68039"},{"taxonomy":"post_tag","embeddable":true,"href":"https:\/\/rdnews.al\/index.php\/wp-json\/wp\/v2\/tags?post=68039"}],"curies":[{"name":"wp","href":"https:\/\/api.w.org\/{rel}","templated":true}]}}