{"id":68041,"date":"2024-01-04T13:34:52","date_gmt":"2024-01-04T13:34:52","guid":{"rendered":"https:\/\/rdnews.al\/?p=68041"},"modified":"2024-01-04T13:34:52","modified_gmt":"2024-01-04T13:34:52","slug":"gazetari-qe-mbeshteti-bashen-i-zhgenjyer-turtulli-per-mashtruesin-dhe-te-pabesin-lul","status":"publish","type":"post","link":"https:\/\/rdnews.al\/index.php\/2024\/01\/04\/gazetari-qe-mbeshteti-bashen-i-zhgenjyer-turtulli-per-mashtruesin-dhe-te-pabesin-lul\/","title":{"rendered":"Gazetari q\u00eb mb\u00ebshteti Bash\u00ebn i zhg\u00ebnjyer, Turtulli: P\u00ebr mashtruesin dhe t\u00eb pabesin Lul"},"content":{"rendered":"<p><strong>Nga Sokrat Turtulli<\/strong><\/p>\n<p>Jan\u00eb pak, shum\u00eb pak, disa t\u00eb paguar, disa t\u00eb \u00e7oroditur nga epshi i t\u00eb q\u00ebnit n\u00eb strukturat drejtuese t\u00eb asaj pak pjese t\u00eb mbetur dhe m\u00eb t\u00eb \u00e7oroditur se vet\u00eb ata q\u00eb e quajn\u00eb veten drejtues. Jan\u00eb pak, shum\u00eb pak tek ajo pjes\u00eb ku dikur isha dhe vet\u00eb. Ju dhash\u00eb me gjith\u00eb shpirt logos dhe emrit t\u00eb partis\u00eb q\u00eb mb\u00ebshteta q\u00eb prej themelimit t\u00eb saj dhe kurr\u00eb nuk besoja kur d\u00ebgjoja dhe lexoja se, drejtuesi i saj \u00ebsht\u00eb mashtrues dhe i pabes\u00eb deri dit\u00ebn kur e p\u00ebsova dhe mbi veten time.<\/p>\n<p>U rreshtova dhe e mb\u00ebshteta fuqish\u00ebm duke dal\u00eb kundra t\u00eb gjith\u00eb miqve, shok\u00ebve dhe t\u00eb af\u00ebrmve t\u00eb mi. M\u00eb than\u00eb shum\u00eb vet\u00eb q\u00eb \u00ebsht\u00eb i shitur. M\u00eb than\u00eb shum\u00eb e shum\u00eb t\u00eb tjer\u00eb q\u00eb ai politik\u00ebn e ka biznes, por kurr\u00eb nuk e besova deri dit\u00ebn kur ai u zhduk dhe na la n\u00eb mes t\u00eb rrug\u00ebs ne q\u00eb e mb\u00ebshtet\u00ebm pa kushte dhe me at\u00eb idealizmin e past\u00ebr. Dhe jo q\u00eb na la n\u00eb mes te rrug\u00ebs, por m\u00eb e keqja kur na u kthye s\u00ebrish si p\u00ebr t\u00eb na th\u00ebn\u00eb se erdha un\u00eb i humburi, un\u00eb buk\u00ebshkali, un\u00eb q\u00eb dhash\u00eb dor\u00ebheqjen e pador\u00ebhequr, un\u00eb q\u00eb ju lash\u00eb pa kryetar dhe q\u00eb sot ju shfaqem si kryetar me t\u00eb vetmin q\u00ebllim &#8220;t\u00eb q\u00ebnit deputet n\u00eb 2025 p\u00ebr veten time&#8221;.<\/p>\n<p>T\u00eb besova, t\u00eb ndoqa verb\u00ebrisht deri dit\u00ebn kur ti m\u00eb mashtrove sy p\u00ebr sy. Kur ti m\u00eb hoqe nga K\u00ebshilli Komb\u00ebtar dhe q\u00eb ma pranove n\u00eb sy pa t&#8217;u dridhur syri fare dhe duke m\u00eb buz\u00ebqeshur me at\u00eb lloj buz\u00ebqeshje fiks si\u00e7 m\u00eb mashtrove po sy p\u00ebr sy kur ishe kryetar bashkie.<\/p>\n<p>Po sot nuk dua t\u00eb merrem m\u00eb me ty, por me ata q\u00eb ti ke filluar t&#8217;i paguash duke i kthyer n\u00eb kamikaz\u00eb vet\u00ebm p\u00ebr t\u00eb sulmuar 24 or\u00eb Berish\u00ebn. Dhe n\u00eb k\u00ebt\u00eb rast nuk ke faj ti, por ata q\u00eb akoma t\u00eb besojn\u00eb ashtu sikund\u00ebr t\u00eb besova un\u00eb p\u00ebr dy vjet. Ju ke dh\u00ebn\u00eb nj\u00eb detyr\u00eb t\u00eb r\u00ebnd\u00eb, t\u00eb posht\u00ebr, at\u00eb t\u00eb sulmit ndaj atij q\u00eb t\u00eb b\u00ebri deputet, minist\u00ebr dhe kryetar bashkie. Un\u00eb disa prej tyre i njoh dhe m\u00eb vjen keq q\u00eb bien n\u00eb kthetrat e tua, pasi ti dhe disa rreth teje nuk kan\u00eb mendere ta sulmojn\u00eb me em\u00ebr Berish\u00ebn. Po t\u00eb hysh n\u00eb profilet e atyre 7 apo 8 kamikaz\u00ebve gjen vet\u00ebm sulme, fyerje dhe sharje ndaj nj\u00eb personi t\u00eb vet\u00ebm me emrin Sali Berisha. Dhe e dini kush jan\u00eb ata? Jan\u00eb ata q\u00eb kontribut t\u00eb vet\u00ebm n\u00eb PD kan\u00eb sulmin prej 2 vjet\u00ebsh q\u00eb i b\u00ebjn\u00eb Berish\u00ebs. Vet\u00ebm prej k\u00ebsaj ata kan\u00eb kapur majat e asaj q\u00eb ata e quajn\u00eb PD euroatlantike, por q\u00eb edhe vet\u00eb nuk e kuptojn\u00eb k\u00ebt\u00eb t\u00eb fundit.<\/p>\n<p>Do vijm\u00eb n\u00eb pushtet- thon\u00eb! Do na sjellin aleat\u00ebt. Pika q\u00eb s\u2019ju bie mu n\u00eb \u00e7u\u00e7k\u00eb t\u00eb kok\u00ebs kur akoma prisni nga aleat\u00ebt n\u00eb nj\u00eb koh\u00eb q\u00eb aleat\u00ebt aty kan\u00eb q\u00ebn\u00eb prej vitesh dhe nuk ua ka ndjer\u00eb p\u00ebr ju dhe jo aq, por t\u00eb shtrydh\u00ebn duke arritur q\u00ebllimin e tyre dhe m\u00eb pas duke t\u00eb flakur nga selia dhe duke t\u00eb l\u00ebn\u00eb n\u00eb m\u00ebshir\u00eb t\u00eb Ram\u00ebs&#8230;<\/p>\n<p>\u00a9 SYRI.net<\/p>\n","protected":false},"excerpt":{"rendered":"<p>Nga Sokrat Turtulli Jan\u00eb pak, shum\u00eb pak, disa t\u00eb paguar, disa t\u00eb \u00e7oroditur nga epshi i t\u00eb q\u00ebnit n\u00eb strukturat drejtuese t\u00eb asaj pak pjese t\u00eb mbetur dhe m\u00eb t\u00eb \u00e7oroditur se vet\u00eb ata q\u00eb e quajn\u00eb veten drejtues. Jan\u00eb pak, shum\u00eb pak tek ajo pjes\u00eb ku dikur isha dhe vet\u00eb. Ju dhash\u00eb me gjith\u00eb &hellip;<\/p>\n","protected":false},"author":4,"featured_media":68042,"comment_status":"closed","ping_status":"closed","sticky":false,"template":"","format":"standard","meta":{"footnotes":""},"categories":[37],"tags":[],"class_list":["post-68041","post","type-post","status-publish","format-standard","has-post-thumbnail","","category-politike"],"_links":{"self":[{"href":"https:\/\/rdnews.al\/index.php\/wp-json\/wp\/v2\/posts\/68041","targetHints":{"allow":["GET"]}}],"collection":[{"href":"https:\/\/rdnews.al\/index.php\/wp-json\/wp\/v2\/posts"}],"about":[{"href":"https:\/\/rdnews.al\/index.php\/wp-json\/wp\/v2\/types\/post"}],"author":[{"embeddable":true,"href":"https:\/\/rdnews.al\/index.php\/wp-json\/wp\/v2\/users\/4"}],"replies":[{"embeddable":true,"href":"https:\/\/rdnews.al\/index.php\/wp-json\/wp\/v2\/comments?post=68041"}],"version-history":[{"count":0,"href":"https:\/\/rdnews.al\/index.php\/wp-json\/wp\/v2\/posts\/68041\/revisions"}],"wp:featuredmedia":[{"embeddable":true,"href":"https:\/\/rdnews.al\/index.php\/wp-json\/wp\/v2\/media\/68042"}],"wp:attachment":[{"href":"https:\/\/rdnews.al\/index.php\/wp-json\/wp\/v2\/media?parent=68041"}],"wp:term":[{"taxonomy":"category","embeddable":true,"href":"https:\/\/rdnews.al\/index.php\/wp-json\/wp\/v2\/categories?post=68041"},{"taxonomy":"post_tag","embeddable":true,"href":"https:\/\/rdnews.al\/index.php\/wp-json\/wp\/v2\/tags?post=68041"}],"curies":[{"name":"wp","href":"https:\/\/api.w.org\/{rel}","templated":true}]}}