{"id":68044,"date":"2024-01-04T17:13:21","date_gmt":"2024-01-04T17:13:21","guid":{"rendered":"https:\/\/rdnews.al\/?p=68044"},"modified":"2024-01-04T17:13:21","modified_gmt":"2024-01-04T17:13:21","slug":"pelegrinazhi-mijera-qytetare-ne-rrugicen-e-berishes","status":"publish","type":"post","link":"https:\/\/rdnews.al\/index.php\/2024\/01\/04\/pelegrinazhi-mijera-qytetare-ne-rrugicen-e-berishes\/","title":{"rendered":"Pelegrinazhi\/ Mij\u00ebra qytetar\u00eb n\u00eb rrugic\u00ebn e Berish\u00ebs"},"content":{"rendered":"<p>Mij\u00ebra qytetar\u00eb jan\u00eb mbledhur s\u00ebrish gjat\u00eb dit\u00ebs s\u00eb sotme posht\u00eb pallatit ku ai banon kryetari i PD, Sali Berisha. Rrugica e Doktorit \u00ebsht\u00eb kthyer tashm\u00eb n\u00eb pelegrinazh.<\/p>\n<p>Mbledhja e tyre n\u00eb t\u00eb nj\u00ebjtin orar p\u00ebr t\u00eb disat\u00ebn her\u00eb, vjen n\u00eb shenj\u00eb solidariteti dhe proteste pas vendimit t\u00eb GJKKO p\u00ebr ta l\u00ebn\u00eb Berish\u00ebn n\u00eb \u201carrest sht\u00ebpie\u201d.<\/p>\n<p>Ish-deputeti demokrat Belind K\u00eblli\u00e7i tha se, Berisha \u00ebsht\u00eb i burgosur politik.<\/p>\n<p>N\u00eb tubimet e zhvilluara m\u00eb par\u00eb, Berisha \u00ebsht\u00eb par\u00eb teksa del n\u00eb ballkon dhe p\u00ebrsh\u00ebndet t\u00eb pranishmit, duke mbajtur edhe fjalim.<\/p>\n<p>Nd\u00ebrsa n\u00eb dritaret e sht\u00ebpis\u00eb s\u00eb Berish\u00ebs jan\u00eb vendosur dy flamuj, ai Komb\u00ebtar dhe ai i Partis\u00eb Demokratike.<\/p>\n","protected":false},"excerpt":{"rendered":"<p>Mij\u00ebra qytetar\u00eb jan\u00eb mbledhur s\u00ebrish gjat\u00eb dit\u00ebs s\u00eb sotme posht\u00eb pallatit ku ai banon kryetari i PD, Sali Berisha. Rrugica e Doktorit \u00ebsht\u00eb kthyer tashm\u00eb n\u00eb pelegrinazh. Mbledhja e tyre n\u00eb t\u00eb nj\u00ebjtin orar p\u00ebr t\u00eb disat\u00ebn her\u00eb, vjen n\u00eb shenj\u00eb solidariteti dhe proteste pas vendimit t\u00eb GJKKO p\u00ebr ta l\u00ebn\u00eb Berish\u00ebn n\u00eb \u201carrest sht\u00ebpie\u201d. &hellip;<\/p>\n","protected":false},"author":4,"featured_media":0,"comment_status":"closed","ping_status":"closed","sticky":false,"template":"","format":"standard","meta":{"footnotes":""},"categories":[37],"tags":[],"class_list":["post-68044","post","type-post","status-publish","format-standard","","category-politike"],"_links":{"self":[{"href":"https:\/\/rdnews.al\/index.php\/wp-json\/wp\/v2\/posts\/68044","targetHints":{"allow":["GET"]}}],"collection":[{"href":"https:\/\/rdnews.al\/index.php\/wp-json\/wp\/v2\/posts"}],"about":[{"href":"https:\/\/rdnews.al\/index.php\/wp-json\/wp\/v2\/types\/post"}],"author":[{"embeddable":true,"href":"https:\/\/rdnews.al\/index.php\/wp-json\/wp\/v2\/users\/4"}],"replies":[{"embeddable":true,"href":"https:\/\/rdnews.al\/index.php\/wp-json\/wp\/v2\/comments?post=68044"}],"version-history":[{"count":0,"href":"https:\/\/rdnews.al\/index.php\/wp-json\/wp\/v2\/posts\/68044\/revisions"}],"wp:attachment":[{"href":"https:\/\/rdnews.al\/index.php\/wp-json\/wp\/v2\/media?parent=68044"}],"wp:term":[{"taxonomy":"category","embeddable":true,"href":"https:\/\/rdnews.al\/index.php\/wp-json\/wp\/v2\/categories?post=68044"},{"taxonomy":"post_tag","embeddable":true,"href":"https:\/\/rdnews.al\/index.php\/wp-json\/wp\/v2\/tags?post=68044"}],"curies":[{"name":"wp","href":"https:\/\/api.w.org\/{rel}","templated":true}]}}