{"id":68047,"date":"2024-01-04T17:19:30","date_gmt":"2024-01-04T17:19:30","guid":{"rendered":"https:\/\/rdnews.al\/?p=68047"},"modified":"2024-01-04T17:48:43","modified_gmt":"2024-01-04T17:48:43","slug":"berisha-faji-i-sali-berishes-eshte-se-nderhyri-per-te-shpetuar-opoziten-e-shqiperise","status":"publish","type":"post","link":"https:\/\/rdnews.al\/index.php\/2024\/01\/04\/berisha-faji-i-sali-berishes-eshte-se-nderhyri-per-te-shpetuar-opoziten-e-shqiperise\/","title":{"rendered":"Faji i Sali Berish\u00ebs \u00ebsht\u00eb se nd\u00ebrhyri p\u00ebr t\u00eb shp\u00ebtuar opozit\u00ebn e Shqip\u00ebris\u00eb!"},"content":{"rendered":"<p>Kryetari i PD, Sali Berisha edhe sot mbajti nj\u00eb fjalim nga dritarja e sht\u00ebpis\u00eb s\u00eb tij duke p\u00ebrsh\u00ebndetuar mij\u00ebra qytetar\u00ebt q\u00eb ndodheshin n\u00eb rrugic\u00ebn posht\u00eb pallatit t\u00eb tij. Berisha tha se, faji i Sali Berish\u00ebs \u00ebsht\u00eb se nd\u00ebrhyri p\u00ebr t\u00eb shp\u00ebtuar opozit\u00ebn e Shqip\u00ebris\u00eb kur ajo u kap peng nga Edi Rama.<br \/>\n\u201cS\u00eb pari, nj\u00eb falenderim nga zemra dhe i p\u00ebrulur p\u00ebr secilin nga ju, sa her\u00eb q\u00eb un\u00eb dal n\u00eb k\u00ebt\u00eb dritare dhe ju shoh ju k\u00ebtu, ndjej nj\u00eb er\u00eb t\u00eb fuqishme q\u00eb fryn.<br \/>\nKjo nuk \u00ebsht\u00eb era stinore e janarit, kjo nuk \u00ebsht\u00eb era e ftoht\u00eb e dimrit, por kjo \u00ebsht\u00eb era e shpres\u00ebs, era e fitores, era e t\u00eb ardhmes p\u00ebr PD-n\u00eb dhe shqiptar\u00ebt.<br \/>\nKjo pra \u00ebsht\u00eb era e ndryshimit, e cila buron nga shpirti, zemra, idealet tuaja dhe ka t\u00eb gjith\u00eb fuqin\u00eb p\u00ebr t\u00eb ndryshuar fatet e shqiptar\u00ebve dhe Shqip\u00ebris\u00eb.<br \/>\nGrumbullimi juaj k\u00ebtu l\u00ebshon rrezet e para t\u00eb drit\u00ebs q\u00eb ndri\u00e7ojn\u00eb nj\u00eb Shqip\u00ebri, e cila ishte e zhytur n\u00eb err\u00ebsir\u00eb.<br \/>\nJu po ringjallni shpres\u00ebn, ju po ringjallni besimin, prandaj dhe fal\u00ebnderimin tim m\u00eb t\u00eb madh p\u00ebr ju demokrat\u00eb dhe demokrate t\u00eb mbledhur sot n\u00eb k\u00ebt\u00eb rrug\u00eb.<br \/>\nKurr\u00eb ndonj\u00ebher\u00eb n\u00eb historin\u00eb e per\u00ebndimit nuk \u00ebsht\u00eb b\u00ebr\u00eb nj\u00eb luft\u00eb kaq e eg\u00ebr kund\u00ebr nj\u00eb partie si ajo q\u00eb na \u00ebsht\u00eb b\u00ebr\u00eb ne si PD.<br \/>\nKurr\u00eb nuk \u00ebsht\u00eb b\u00ebr\u00eb ndonj\u00eb luft\u00eb ndaj nj\u00eb partie si kjo q\u00eb i \u00ebsht\u00eb b\u00ebr\u00eb PD, e cila ndau historin\u00eb, ndau epokat, p\u00ebrmbysi diktatur\u00ebn m\u00eb t\u00eb eg\u00ebr, m\u00eb staliniste q\u00eb Europa kishte njohur. Nxori Shqip\u00ebrin\u00eb dhe shqiptar\u00ebt nga honet m\u00eb t\u00eb thella t\u00eb historis\u00eb n\u00eb drit\u00ebn e rrug\u00ebs drejt BE, e an\u00ebtar\u00ebsoi at\u00eb n\u00eb NATO dhe ia doli q\u00eb shqiptar\u00ebt, kombi m\u00eb i varf\u00ebr i Europ\u00ebs, i treti m\u00eb i varf\u00ebr i planetit, t\u00eb renditet n\u00eb grupin e vendeve me t\u00eb ardhura t\u00eb mesme t\u00eb larta.<br \/>\nN\u00eb vitet e p\u00ebrpjekjeve t\u00eb p\u00ebrbashk\u00ebta, PD b\u00ebri m\u00eb shum\u00eb se t\u00eb gjith\u00eb paraardh\u00ebsit e saj n\u00eb 110 vite pavar\u00ebsi t\u00eb marr\u00eb s\u00eb bashku.<br \/>\nMe gjith\u00eb k\u00ebto, k\u00ebt\u00eb 10-vje\u00e7ar, demokrat\u00ebt jan\u00eb persekutuar, jan\u00eb trajtuar si qytetar\u00eb t\u00eb dor\u00ebs s\u00eb dyt\u00eb dhe t\u00eb tret\u00eb, jan\u00eb diskriminuar, jan\u00eb mohuar, jan\u00eb luftuar eg\u00ebrsisht si armiq nga Edi Rama, narkoregjimi i tij, mafia nd\u00ebrkomb\u00ebtare me n\u00eb krye monstr\u00ebn e njer\u00ebzimit, Xhorxh Sorosin.<br \/>\nPse kjo luft\u00eb kund\u00ebr demokrat\u00ebve? Nj\u00eb p\u00ebrgjigje do merrni kudo: fajin e ka Saliu.<br \/>\nPor p\u00ebrgjigjen e v\u00ebrtet\u00eb e di \u00e7do shqiptar. Faji i Sali Berish\u00ebs \u00ebsht\u00eb se nd\u00ebrhyri p\u00ebr t\u00eb shp\u00ebtuar opozit\u00ebn e Shqip\u00ebris\u00eb kur ajo u kap peng nga Edi Rama.<br \/>\nFaji i Sali Berish\u00ebs \u00ebsht\u00eb se nd\u00ebrhyri kur t\u00eb tjer\u00ebt donin t\u2019i caktonin asaj kryetarin dhe u tha jo, kreu i PD do p\u00ebrcaktohet p\u00ebrjet\u00eb vet\u00ebm nga shqiptar\u00ebt, nga demokrat\u00ebt.<br \/>\nFaji i Saliut ishte se denoncoi \u00e7do dit\u00eb aferat e shekullit, incenerator\u00ebt, sterilizator\u00ebt, vjedhjet n\u00eb Portin e Durr\u00ebsit, lidhjet e tmerrshme t\u00eb Edi Ram\u00ebs dhe qeveritar\u00ebt me bandat, me trafikant\u00ebt e drog\u00ebs\u201d, u shpreh Berisha.<\/p>\n<p><img loading=\"lazy\" decoding=\"async\" class=\"alignnone size-medium wp-image-68048\" src=\"https:\/\/rdnews.al\/wp-content\/uploads\/2024\/01\/b-300x177.jpg\" alt=\"\" width=\"300\" height=\"177\" srcset=\"https:\/\/rdnews.al\/wp-content\/uploads\/2024\/01\/b-300x177.jpg 300w, https:\/\/rdnews.al\/wp-content\/uploads\/2024\/01\/b-768x453.jpg 768w, https:\/\/rdnews.al\/wp-content\/uploads\/2024\/01\/b.jpg 800w\" sizes=\"auto, (max-width: 300px) 100vw, 300px\" \/><\/p>\n","protected":false},"excerpt":{"rendered":"<p>Kryetari i PD, Sali Berisha edhe sot mbajti nj\u00eb fjalim nga dritarja e sht\u00ebpis\u00eb s\u00eb tij duke p\u00ebrsh\u00ebndetuar mij\u00ebra qytetar\u00ebt q\u00eb ndodheshin n\u00eb rrugic\u00ebn posht\u00eb pallatit t\u00eb tij. Berisha tha se, faji i Sali Berish\u00ebs \u00ebsht\u00eb se nd\u00ebrhyri p\u00ebr t\u00eb shp\u00ebtuar opozit\u00ebn e Shqip\u00ebris\u00eb kur ajo u kap peng nga Edi Rama. \u201cS\u00eb pari, nj\u00eb &hellip;<\/p>\n","protected":false},"author":4,"featured_media":68062,"comment_status":"closed","ping_status":"closed","sticky":false,"template":"","format":"standard","meta":{"footnotes":""},"categories":[37],"tags":[],"class_list":["post-68047","post","type-post","status-publish","format-standard","has-post-thumbnail","","category-politike"],"_links":{"self":[{"href":"https:\/\/rdnews.al\/index.php\/wp-json\/wp\/v2\/posts\/68047","targetHints":{"allow":["GET"]}}],"collection":[{"href":"https:\/\/rdnews.al\/index.php\/wp-json\/wp\/v2\/posts"}],"about":[{"href":"https:\/\/rdnews.al\/index.php\/wp-json\/wp\/v2\/types\/post"}],"author":[{"embeddable":true,"href":"https:\/\/rdnews.al\/index.php\/wp-json\/wp\/v2\/users\/4"}],"replies":[{"embeddable":true,"href":"https:\/\/rdnews.al\/index.php\/wp-json\/wp\/v2\/comments?post=68047"}],"version-history":[{"count":0,"href":"https:\/\/rdnews.al\/index.php\/wp-json\/wp\/v2\/posts\/68047\/revisions"}],"wp:featuredmedia":[{"embeddable":true,"href":"https:\/\/rdnews.al\/index.php\/wp-json\/wp\/v2\/media\/68062"}],"wp:attachment":[{"href":"https:\/\/rdnews.al\/index.php\/wp-json\/wp\/v2\/media?parent=68047"}],"wp:term":[{"taxonomy":"category","embeddable":true,"href":"https:\/\/rdnews.al\/index.php\/wp-json\/wp\/v2\/categories?post=68047"},{"taxonomy":"post_tag","embeddable":true,"href":"https:\/\/rdnews.al\/index.php\/wp-json\/wp\/v2\/tags?post=68047"}],"curies":[{"name":"wp","href":"https:\/\/api.w.org\/{rel}","templated":true}]}}