{"id":68054,"date":"2024-01-04T17:34:10","date_gmt":"2024-01-04T17:34:10","guid":{"rendered":"https:\/\/rdnews.al\/?p=68054"},"modified":"2024-01-04T17:34:10","modified_gmt":"2024-01-04T17:34:10","slug":"lubonja-te-arrestosh-liderin-e-opozites-do-te-thote-te-futet-opozita-ne-burg","status":"publish","type":"post","link":"https:\/\/rdnews.al\/index.php\/2024\/01\/04\/lubonja-te-arrestosh-liderin-e-opozites-do-te-thote-te-futet-opozita-ne-burg\/","title":{"rendered":"Lubonja: T\u00eb arrestosh liderin e opozit\u00ebs, do t\u00eb thot\u00eb t\u00eb futet opozita n\u00eb burg!"},"content":{"rendered":"<p>Analisti Fatos Lubonja p\u00ebrmes nj\u00eb intervist\u00eb\u00a0p\u00ebr\u00a0News24 ka komentuar zhvillimet e fundit politike n\u00eb vend, si edhe parashtroi parashikimin e tij p\u00ebr k\u00ebto t\u00eb fundit n\u00eb vitin 2024.<\/p>\n<p>Lubonja u shpreh se kufizimi i komunikimit p\u00ebr ish-kryeministrin Sali Berisha, tanim\u00eb n\u00eb arrest sht\u00ebpiak, \u00ebsht\u00eb di\u00e7ka q\u00eb kalon kufijt\u00eb e normales.<\/p>\n<p>Sipas tij n\u00eb vitin 2024 do t\u00eb ket\u00eb nj\u00eb \u201cp\u00ebrshpejtim t\u00eb s\u00eb keqes\u201d, duke iu referuar cenimit t\u00eb demokracis\u00eb, liris\u00eb dhe dinjitetit t\u00eb njeriut n\u00eb vend.<\/p>\n<p>\u201cUn\u00eb shoh historin\u00eb t\u00eb kthyer mbrapsht, t\u2019i mbyll\u00ebsh goj\u00ebn nj\u00eb lideri t\u00eb opozit\u00ebs, p\u00ebrve\u00e7 izolimit, kjo kalon gjith\u00eb kufijt\u00eb e normales. Un\u00eb mendoj se Berisha do t\u00ebrhiqej pak nga pak, por e ringjall\u00ebn me k\u00ebt\u00eb problem q\u00eb e motivoi edhe personalisht. K\u00ebt\u00eb ma ka th\u00ebn\u00eb ambasadorja franceze.<\/p>\n<p>P\u00ebrmes m\u00ebnyr\u00ebs si po trajtohet Berisha po shohim si vepron sot drejt\u00ebsia n\u00eb vend. N\u00eb 31 dhjetor si n\u00eb asnj\u00eb vend t\u00eb bot\u00ebs, k\u00ebtu tek ne kemi nj\u00eb situat\u00eb ku na del kryeministri dhe na b\u00ebn show n\u00ebp\u00ebr emisionet e d\u00ebfrimit. Del ministri i Brendsh\u00ebm dhe na b\u00ebn show.<\/p>\n<p>Pra n\u00eb k\u00ebt\u00eb situat\u00eb futet opozita n\u00eb burg e gjitha dhe k\u00ebtej k\u00ebta n\u00eb b\u00ebjn\u00eb shfaqje si triumfator\u00eb. Kjo \u00ebsht\u00eb situata p\u00ebr vitin e ri. Do ket\u00eb p\u00ebrshpejtim t\u00eb s\u00eb keqes p\u00ebr mendimin tim. Ky vit do jet\u00eb m\u00eb i v\u00ebshtir\u00eb sa i p\u00ebrket gj\u00ebs\u00eb kryesore n\u00eb jet\u00ebt tona, demokracin\u00eb dhe lirin\u00eb e dinjitetin e njeriut\u201d, u shpreh ai mes t\u00eb tjerash.<\/p>\n","protected":false},"excerpt":{"rendered":"<p>Analisti Fatos Lubonja p\u00ebrmes nj\u00eb intervist\u00eb\u00a0p\u00ebr\u00a0News24 ka komentuar zhvillimet e fundit politike n\u00eb vend, si edhe parashtroi parashikimin e tij p\u00ebr k\u00ebto t\u00eb fundit n\u00eb vitin 2024. Lubonja u shpreh se kufizimi i komunikimit p\u00ebr ish-kryeministrin Sali Berisha, tanim\u00eb n\u00eb arrest sht\u00ebpiak, \u00ebsht\u00eb di\u00e7ka q\u00eb kalon kufijt\u00eb e normales. Sipas tij n\u00eb vitin 2024 do &hellip;<\/p>\n","protected":false},"author":4,"featured_media":64309,"comment_status":"closed","ping_status":"closed","sticky":false,"template":"","format":"standard","meta":{"footnotes":""},"categories":[37],"tags":[],"class_list":["post-68054","post","type-post","status-publish","format-standard","has-post-thumbnail","","category-politike"],"_links":{"self":[{"href":"https:\/\/rdnews.al\/index.php\/wp-json\/wp\/v2\/posts\/68054","targetHints":{"allow":["GET"]}}],"collection":[{"href":"https:\/\/rdnews.al\/index.php\/wp-json\/wp\/v2\/posts"}],"about":[{"href":"https:\/\/rdnews.al\/index.php\/wp-json\/wp\/v2\/types\/post"}],"author":[{"embeddable":true,"href":"https:\/\/rdnews.al\/index.php\/wp-json\/wp\/v2\/users\/4"}],"replies":[{"embeddable":true,"href":"https:\/\/rdnews.al\/index.php\/wp-json\/wp\/v2\/comments?post=68054"}],"version-history":[{"count":0,"href":"https:\/\/rdnews.al\/index.php\/wp-json\/wp\/v2\/posts\/68054\/revisions"}],"wp:featuredmedia":[{"embeddable":true,"href":"https:\/\/rdnews.al\/index.php\/wp-json\/wp\/v2\/media\/64309"}],"wp:attachment":[{"href":"https:\/\/rdnews.al\/index.php\/wp-json\/wp\/v2\/media?parent=68054"}],"wp:term":[{"taxonomy":"category","embeddable":true,"href":"https:\/\/rdnews.al\/index.php\/wp-json\/wp\/v2\/categories?post=68054"},{"taxonomy":"post_tag","embeddable":true,"href":"https:\/\/rdnews.al\/index.php\/wp-json\/wp\/v2\/tags?post=68054"}],"curies":[{"name":"wp","href":"https:\/\/api.w.org\/{rel}","templated":true}]}}