{"id":68065,"date":"2024-01-04T17:57:44","date_gmt":"2024-01-04T17:57:44","guid":{"rendered":"https:\/\/rdnews.al\/?p=68065"},"modified":"2024-01-04T17:57:44","modified_gmt":"2024-01-04T17:57:44","slug":"kellici-jemi-i-vetmi-vend-anetar-i-nato-s-qe-kemi-kreun-e-opozites-ne-arrest","status":"publish","type":"post","link":"https:\/\/rdnews.al\/index.php\/2024\/01\/04\/kellici-jemi-i-vetmi-vend-anetar-i-nato-s-qe-kemi-kreun-e-opozites-ne-arrest\/","title":{"rendered":"K\u00eblli\u00e7i: Jemi i vetmi vend an\u00ebtar i NATO-s q\u00eb kemi kreun e opozit\u00ebs n\u00eb arrest"},"content":{"rendered":"<p>Ish-deputeti i Partis\u00eb Demokratike Belind K\u00eblli\u00e7i ka folur p\u00ebr mediat gjat\u00eb tubimit t\u00eb sot\u00ebm pran\u00eb sht\u00ebpis\u00eb s\u00eb liderit t\u00eb opozit\u00ebs, Sali Berisha, ku qindra qytetar e\u00a0mb\u00ebshtet\u00ebs jan\u00eb mbledhur n\u00eb shenj\u00eb solidarizimi.<\/p>\n<p>K\u00eblli\u00e7i u shpreh se k\u00ebto tubime jan\u00eb spontane, por mbledhje n\u00eb shenj\u00eb solidarizimi p\u00ebr kreun e opozit\u00ebs q\u00eb sipas tij \u00ebsht\u00eb i burgosur politik sot.<\/p>\n<p>\u201cNuk jan\u00eb protesta t\u00eb mir\u00ebfillta, por mbledhje n\u00eb shenj\u00eb solidarizimi p\u00ebr kreun e opozit\u00ebs q\u00eb \u00ebsht\u00eb i burgosur politik sot. Sot kreu i opozit\u00ebs shqiptare ndodhet n\u00eb arrest sht\u00ebpie pa prova dhe pa u pyetur nj\u00eb her\u00eb. Ka qytetar\u00eb q\u00eb kan\u00eb ardhur nga jasht\u00eb Tiran\u00ebs, nj\u00eb zonj\u00eb ka ardhur nga jasht\u00eb Shqip\u00ebris\u00eb. Ata kan\u00eb ardhur t\u00eb gjith\u00eb vet\u00eb n\u00eb mb\u00ebshtetje t\u00eb k\u00ebsaj kauze. Jemi i vetmi vend an\u00ebtar i NATO-s q\u00eb kemi kreun e opozit\u00ebs n\u00eb arrest sot\u201d, u shpreh ai mes t\u00eb tjerash.<\/p>\n","protected":false},"excerpt":{"rendered":"<p>Ish-deputeti i Partis\u00eb Demokratike Belind K\u00eblli\u00e7i ka folur p\u00ebr mediat gjat\u00eb tubimit t\u00eb sot\u00ebm pran\u00eb sht\u00ebpis\u00eb s\u00eb liderit t\u00eb opozit\u00ebs, Sali Berisha, ku qindra qytetar e\u00a0mb\u00ebshtet\u00ebs jan\u00eb mbledhur n\u00eb shenj\u00eb solidarizimi. K\u00eblli\u00e7i u shpreh se k\u00ebto tubime jan\u00eb spontane, por mbledhje n\u00eb shenj\u00eb solidarizimi p\u00ebr kreun e opozit\u00ebs q\u00eb sipas tij \u00ebsht\u00eb i burgosur politik &hellip;<\/p>\n","protected":false},"author":4,"featured_media":68066,"comment_status":"closed","ping_status":"closed","sticky":false,"template":"","format":"standard","meta":{"footnotes":""},"categories":[37],"tags":[],"class_list":["post-68065","post","type-post","status-publish","format-standard","has-post-thumbnail","","category-politike"],"_links":{"self":[{"href":"https:\/\/rdnews.al\/index.php\/wp-json\/wp\/v2\/posts\/68065","targetHints":{"allow":["GET"]}}],"collection":[{"href":"https:\/\/rdnews.al\/index.php\/wp-json\/wp\/v2\/posts"}],"about":[{"href":"https:\/\/rdnews.al\/index.php\/wp-json\/wp\/v2\/types\/post"}],"author":[{"embeddable":true,"href":"https:\/\/rdnews.al\/index.php\/wp-json\/wp\/v2\/users\/4"}],"replies":[{"embeddable":true,"href":"https:\/\/rdnews.al\/index.php\/wp-json\/wp\/v2\/comments?post=68065"}],"version-history":[{"count":0,"href":"https:\/\/rdnews.al\/index.php\/wp-json\/wp\/v2\/posts\/68065\/revisions"}],"wp:featuredmedia":[{"embeddable":true,"href":"https:\/\/rdnews.al\/index.php\/wp-json\/wp\/v2\/media\/68066"}],"wp:attachment":[{"href":"https:\/\/rdnews.al\/index.php\/wp-json\/wp\/v2\/media?parent=68065"}],"wp:term":[{"taxonomy":"category","embeddable":true,"href":"https:\/\/rdnews.al\/index.php\/wp-json\/wp\/v2\/categories?post=68065"},{"taxonomy":"post_tag","embeddable":true,"href":"https:\/\/rdnews.al\/index.php\/wp-json\/wp\/v2\/tags?post=68065"}],"curies":[{"name":"wp","href":"https:\/\/api.w.org\/{rel}","templated":true}]}}