{"id":68071,"date":"2024-01-04T18:13:59","date_gmt":"2024-01-04T18:13:59","guid":{"rendered":"https:\/\/rdnews.al\/?p=68071"},"modified":"2024-01-04T18:13:59","modified_gmt":"2024-01-04T18:13:59","slug":"argita-malltezi-berisha-edhe-kur-ishte-me-grip-ka-qene-ne-pune-intensive","status":"publish","type":"post","link":"https:\/\/rdnews.al\/index.php\/2024\/01\/04\/argita-malltezi-berisha-edhe-kur-ishte-me-grip-ka-qene-ne-pune-intensive\/","title":{"rendered":"Argita Malltezi: Berisha edhe kur ishte me grip ka q\u00ebn\u00eb n\u00eb pun\u00eb intensive"},"content":{"rendered":"<p>Argita Malltezi ka folur p\u00ebr mediat s\u00ebrish dit\u00ebn e sotme nga posht\u00eb pallatit ku i lideri i opozit\u00ebs\u00a0q\u00ebndron n\u00eb arrest sht\u00ebpie dhe qindra\u00a0mb\u00ebshtet\u00ebs jan\u00eb mbledhur n\u00eb shenj\u00eb solidarizimi.<\/p>\n<p>Ajo u shpreh se gjat\u00eb dit\u00ebve t\u00eb arrestit n\u00eb sht\u00ebpi Berisha ka qen\u00eb duke punuar dhe duke u marr\u00eb me \u00e7\u00ebshtje t\u00eb organizimit t\u00eb partis\u00eb.<\/p>\n<p>Sa i p\u00ebrket mund\u00ebsis\u00eb p\u00ebr ashp\u00ebrsimin e mas\u00ebs s\u00eb siguris\u00eb nga SPAK duke marr\u00eb parasysh organizimet e fundit, ajo tha se \u201cn\u00eb shtetin pa ligj nuk ka asgj\u00eb q\u00eb nuk mundet t\u00eb ndodh\u00eb\u201d.<\/p>\n<p><strong>Si i ka kaluar k\u00ebto dit\u00eb Berisha?<\/strong><\/p>\n<p>Babi ka qen\u00eb n\u00eb pun\u00eb non stop. Edhe kur ka qen\u00eb me grip u angazhua n\u00eb mesazhin q\u00eb u p\u00ebr\u00e7ua n\u00eb m\u00ebnyra t\u00eb ndryshme p\u00ebr simptaizant\u00ebt, por edhe m\u00eb \u00e7\u00ebshtje t\u00eb tjera t\u00eb organizimit. Ka qen\u00eb m\u00eb i qet\u00eb dhe i p\u00ebrq\u00ebndruar, por me pun\u00eb intensive.<\/p>\n<p><strong>A mendoni se SPAK mund t\u00eb k\u00ebrkoj\u00eb ashp\u00ebrsim t\u00eb mas\u00ebs s\u00eb sigurimit?<\/strong><\/p>\n<p>Tashm\u00eb nuk them p\u00ebr asgj\u00eb nuk mundet. N\u00eb k\u00ebt\u00eb shtet pa ligj q\u00eb shkel kushtetut\u00ebn. Ky \u00ebsht\u00eb nj\u00eb vendim i pabazuar n\u00eb ligj.<\/p>\n","protected":false},"excerpt":{"rendered":"<p>Argita Malltezi ka folur p\u00ebr mediat s\u00ebrish dit\u00ebn e sotme nga posht\u00eb pallatit ku i lideri i opozit\u00ebs\u00a0q\u00ebndron n\u00eb arrest sht\u00ebpie dhe qindra\u00a0mb\u00ebshtet\u00ebs jan\u00eb mbledhur n\u00eb shenj\u00eb solidarizimi. Ajo u shpreh se gjat\u00eb dit\u00ebve t\u00eb arrestit n\u00eb sht\u00ebpi Berisha ka qen\u00eb duke punuar dhe duke u marr\u00eb me \u00e7\u00ebshtje t\u00eb organizimit t\u00eb partis\u00eb. Sa i &hellip;<\/p>\n","protected":false},"author":4,"featured_media":68072,"comment_status":"closed","ping_status":"closed","sticky":false,"template":"","format":"standard","meta":{"footnotes":""},"categories":[37],"tags":[],"class_list":["post-68071","post","type-post","status-publish","format-standard","has-post-thumbnail","","category-politike"],"_links":{"self":[{"href":"https:\/\/rdnews.al\/index.php\/wp-json\/wp\/v2\/posts\/68071","targetHints":{"allow":["GET"]}}],"collection":[{"href":"https:\/\/rdnews.al\/index.php\/wp-json\/wp\/v2\/posts"}],"about":[{"href":"https:\/\/rdnews.al\/index.php\/wp-json\/wp\/v2\/types\/post"}],"author":[{"embeddable":true,"href":"https:\/\/rdnews.al\/index.php\/wp-json\/wp\/v2\/users\/4"}],"replies":[{"embeddable":true,"href":"https:\/\/rdnews.al\/index.php\/wp-json\/wp\/v2\/comments?post=68071"}],"version-history":[{"count":0,"href":"https:\/\/rdnews.al\/index.php\/wp-json\/wp\/v2\/posts\/68071\/revisions"}],"wp:featuredmedia":[{"embeddable":true,"href":"https:\/\/rdnews.al\/index.php\/wp-json\/wp\/v2\/media\/68072"}],"wp:attachment":[{"href":"https:\/\/rdnews.al\/index.php\/wp-json\/wp\/v2\/media?parent=68071"}],"wp:term":[{"taxonomy":"category","embeddable":true,"href":"https:\/\/rdnews.al\/index.php\/wp-json\/wp\/v2\/categories?post=68071"},{"taxonomy":"post_tag","embeddable":true,"href":"https:\/\/rdnews.al\/index.php\/wp-json\/wp\/v2\/tags?post=68071"}],"curies":[{"name":"wp","href":"https:\/\/api.w.org\/{rel}","templated":true}]}}