{"id":68074,"date":"2024-01-04T18:46:14","date_gmt":"2024-01-04T18:46:14","guid":{"rendered":"https:\/\/rdnews.al\/?p=68074"},"modified":"2024-01-04T22:28:12","modified_gmt":"2024-01-04T22:28:12","slug":"regjizori-rames-e-dija-se-nuk-do-e-merrnja-pensionin-e-vecante-sepse-emri-im-do-kalonte-ne-doren-tende","status":"publish","type":"post","link":"https:\/\/rdnews.al\/index.php\/2024\/01\/04\/regjizori-rames-e-dija-se-nuk-do-e-merrnja-pensionin-e-vecante-sepse-emri-im-do-kalonte-ne-doren-tende\/","title":{"rendered":"Regjizori-Ram\u00ebs: E dija se nuk do e merrja pensionin e ve\u00e7ant\u00eb sepse emri im do kalonte n\u00eb dor\u00ebn t\u00ebnde!"},"content":{"rendered":"<p><strong>Osman MULA<\/strong><\/p>\n<p>E dinja se nuk do e merrnja pensionin e ve\u00e7ant\u00eb! Sepse emri im do kalonte n\u00eb dor\u00ebn t\u00ebnde.<\/p>\n<p>Edhe pse emri im ndodhet tash shtat vjet n\u00eb tryez\u00ebn t\u00ebnde si p\u00ebrpar\u00ebsi e shkres\u00ebs s\u00eb Ministris\u00eb s\u00eb Kultur\u00ebs pasi jam dy her\u00eb i vler\u00ebsuar nga president\u00ebt e Shqip\u00ebris\u00eb me titujt m\u00eb t\u00eb lart\u00eb.<\/p>\n<p>Do ishte n\u00eb nderin tuaj ta vler\u00ebsonit nj\u00eb artist q\u00eb ka mbajtur nj\u00eb q\u00ebndrim kritik ndaj teje se n\u00eb fund t\u00eb fundit je dhe kryeministri im. Por nuk t\u00eb la urrejtja, \u00ebsht\u00eb pik\u00ebrisht ajo q\u00eb t\u00eb karakterizon dhe ta kapushtuar trurin dhe syt\u00eb.<\/p>\n<p>Pensioni nuk jepet p\u00ebr kontribut n\u00eb Parti por p\u00ebr kontributin e vazhduesh\u00ebm q\u00eb jep p\u00ebr artin kombetar, pa l\u00ebvizur nj\u00eb dit\u00eb nga Shqip\u00ebria dhe duke dh\u00ebn\u00eb nj\u00eb kontribut n\u00eb R.T.Sh si regjisor dhe si kompozitor, pasi m\u00eb num\u00ebrohen shum\u00eb \u00e7mime.<\/p>\n<p>Un\u00eb nuk jam as servil dhe as konjuktural se s\u00eb paku do e merrnja nj\u00eb em\u00ebrim nga pala tjet\u00ebr, por dhe p\u00ebr to isha i pabesush\u00ebm. Kjo \u00ebsht\u00eb forca e nj\u00eb krijuesi. Po t\u00eb p\u00ebrdor nj\u00eb fjal\u00eb nga zona ku jam rrit: Ma pa\u00e7 faqen e zez\u00eb.<\/p>\n<p>Jam krenar k\u00ebshtu si\u00e7 jam, idealist por rebel kund\u00ebr padrejt\u00ebsive si majtas e djathtas.<\/p>\n<p><strong>&#8230;&#8230;&#8230;&#8230;&#8230;&#8230;.<\/strong><br \/>\nOsman Mula \u00ebsht\u00eb nga Shkodra, \u00ebsht\u00eb nj\u00eb nga regjisor\u00ebt m\u00eb t\u00eb njohur n\u00eb Radiotelevizionin Shqiptar dhe kompozitor i njohur, drejtues i dhjetra festivaleve n\u00eb RTSH, qindra emisioneve t\u00eb muzik\u00ebs, saksofonist i talentuar dhe kompozitor i vler\u00ebsuar me shum\u00eb \u00e7mime. \u00cbsht\u00eb njeriu q\u00eb ka zbuluar me dhjet\u00ebra talente dhe q\u00eb e ka ngritur spektaklin n\u00eb nivelet m\u00eb t\u00eb larta t\u00eb koh\u00ebs duke respektuar tradit\u00ebn dhe duke e harmonizuar me modernen.<\/p>\n","protected":false},"excerpt":{"rendered":"<p>Osman MULA E dinja se nuk do e merrnja pensionin e ve\u00e7ant\u00eb! Sepse emri im do kalonte n\u00eb dor\u00ebn t\u00ebnde. Edhe pse emri im ndodhet tash shtat vjet n\u00eb tryez\u00ebn t\u00ebnde si p\u00ebrpar\u00ebsi e shkres\u00ebs s\u00eb Ministris\u00eb s\u00eb Kultur\u00ebs pasi jam dy her\u00eb i vler\u00ebsuar nga president\u00ebt e Shqip\u00ebris\u00eb me titujt m\u00eb t\u00eb lart\u00eb. Do &hellip;<\/p>\n","protected":false},"author":4,"featured_media":68075,"comment_status":"closed","ping_status":"closed","sticky":false,"template":"","format":"standard","meta":{"footnotes":""},"categories":[37],"tags":[],"class_list":["post-68074","post","type-post","status-publish","format-standard","has-post-thumbnail","","category-politike"],"_links":{"self":[{"href":"https:\/\/rdnews.al\/index.php\/wp-json\/wp\/v2\/posts\/68074","targetHints":{"allow":["GET"]}}],"collection":[{"href":"https:\/\/rdnews.al\/index.php\/wp-json\/wp\/v2\/posts"}],"about":[{"href":"https:\/\/rdnews.al\/index.php\/wp-json\/wp\/v2\/types\/post"}],"author":[{"embeddable":true,"href":"https:\/\/rdnews.al\/index.php\/wp-json\/wp\/v2\/users\/4"}],"replies":[{"embeddable":true,"href":"https:\/\/rdnews.al\/index.php\/wp-json\/wp\/v2\/comments?post=68074"}],"version-history":[{"count":0,"href":"https:\/\/rdnews.al\/index.php\/wp-json\/wp\/v2\/posts\/68074\/revisions"}],"wp:featuredmedia":[{"embeddable":true,"href":"https:\/\/rdnews.al\/index.php\/wp-json\/wp\/v2\/media\/68075"}],"wp:attachment":[{"href":"https:\/\/rdnews.al\/index.php\/wp-json\/wp\/v2\/media?parent=68074"}],"wp:term":[{"taxonomy":"category","embeddable":true,"href":"https:\/\/rdnews.al\/index.php\/wp-json\/wp\/v2\/categories?post=68074"},{"taxonomy":"post_tag","embeddable":true,"href":"https:\/\/rdnews.al\/index.php\/wp-json\/wp\/v2\/tags?post=68074"}],"curies":[{"name":"wp","href":"https:\/\/api.w.org\/{rel}","templated":true}]}}