{"id":68078,"date":"2024-01-04T20:20:03","date_gmt":"2024-01-04T20:20:03","guid":{"rendered":"https:\/\/rdnews.al\/?p=68078"},"modified":"2024-01-04T20:21:05","modified_gmt":"2024-01-04T20:21:05","slug":"federata-europiane-e-gazetareve-spak-kercenon-fshehtesine-e-burimeve-konfidenciale-kthejini-materialet-gazetarit-qyno","status":"publish","type":"post","link":"https:\/\/rdnews.al\/index.php\/2024\/01\/04\/federata-europiane-e-gazetareve-spak-kercenon-fshehtesine-e-burimeve-konfidenciale-kthejini-materialet-gazetarit-qyno\/","title":{"rendered":"Federata Europiane e Gazetar\u00ebve: SPAK k\u00ebrc\u00ebnon fsheht\u00ebsin\u00eb e burimeve konfidenciale, kthejini materialet gazetarit Qyno"},"content":{"rendered":"<p>Federata Europiane e Gazetar\u00ebve, ka reaguar s\u00ebrish lidhur me rastin e paprecedent\u00eb t\u00eb sekuestrimit nga SPAK t\u00eb pajisjeve t\u00eb gazetarit investigativ, Elton Qyno.<\/p>\n<p>Reagimi i k\u00ebsaj federate, e cila \u00ebsht\u00eb organizata m\u00eb e madhe e gazetar\u00ebve n\u00eb Europ\u00eb, vjen p\u00ebrmes Ricardo Gutierrez, Sekretarit t\u00eb P\u00ebrgjithsh\u00ebm, i cili shpreh shqet\u00ebsimin e tij p\u00ebr rastin n\u00eb fjal\u00eb, ku nj\u00eb gazetari i kan\u00eb marr\u00eb n\u00eb m\u00ebnyr\u00eb t\u00eb paligjshme, pajisjet e pun\u00ebs dhe sendet personale dhe familjare, me q\u00ebllimin e vet\u00ebm t\u00eb zbulimit t\u00eb burimeve.<\/p>\n<p>Sekretari i Federat\u00ebs Europiane t\u00eb Gazetar\u00ebve, shprehet duke mb\u00ebshtetur thirrjen e \u201cReporter\u00ebve pa kufinj\u201d, t\u00eb cil\u00ebt k\u00ebrkojn\u00eb nga Gjykata speciale e Apelit, t\u00eb urdh\u00ebroj\u00eb SPAK t\u2019i kthej\u00eb t\u00eb gjitha sendet e pun\u00ebs dhe personale gazetarit t\u00eb \u201cOra News\u201d, Elton Qyno.<\/p>\n<p>N\u00eb reagimin e sekretarit t\u00eb federat\u00ebs thuhet se:<\/p>\n<p>\u201c\u2026Federata Europiane e Gazetar\u00ebve i bashkohet \u201cReporter\u00ebve pa kufinj\u201d n\u00eb thirrjen e gjykat\u00ebs speciale t\u00eb apelit q\u00eb t\u00eb urdh\u00ebroj\u00eb kthimin e pajisjeve t\u00eb Elton Qynos\u201d.<\/p>\n<p>T\u00eb nj\u00ebjt\u00ebn thirje drejtuar gjykat\u00ebs speciale t\u00eb Apelit, e shp\u00ebrndau n\u00eb platform\u00ebn \u201cX\u201d dhe vet\u00eb Federata Europiane e Gazetar\u00ebve, e cila k\u00ebrkoi kthimin e materialeve dhe sendeve t\u00eb pun\u00ebs.<\/p>\n<p>N\u00eb reagimin e tyre p\u00ebrmes platform\u00ebs \u201cX\u201d, \u201cReporter\u00ebt pa Kufij\u201d shkruajn\u00eb si m\u00eb posht\u00eb vijon:<\/p>\n<p>\u201c\u2026Shqip\u00ebri: Sekuestrimi i aparaturave t\u00eb gazetarit Elton Qyno nga prokuror\u00ebt antikorrupsion pas raportimit t\u00eb tij p\u00ebr krimin e organizuar, k\u00ebrc\u00ebnon fsheht\u00ebsin\u00eb e burimeve konfidenciale.<\/p>\n<p>\u201cReporter\u00ebt pa kufij\u201d i k\u00ebrkon Gjykat\u00ebs s\u00eb Posa\u00e7me t\u00eb Apelit, e vendosur n\u00eb 5 janar, t\u00eb urdh\u00ebroj\u00eb kthimin e pajisjeve t\u00eb gazetarit\u2026\u201d.<\/p>\n<p>N\u00eb t\u00eb nj\u00ebjt\u00ebn linj\u00eb doli dhe organizata \u201cSafe Journalists\u201d, e cila n\u00eb nj\u00eb postim t\u00eb sajin n\u00eb platform\u00ebn \u201cX\u201d, b\u00ebri thirrje q\u00eb gjykata t\u00eb kthej\u00eb pajisjet dhe nj\u00ebkoh\u00ebsisht k\u00ebmb\u00ebngul q\u00eb t\u00eb p\u00ebrmbahet n\u00eb t\u00eb ardhmen nga nisja e \u00e7\u00ebshtjeve q\u00eb rrezikojn\u00eb burime gazetar\u00ebsh.<\/p>\n<p>\u201c\u2026Safe\u00a0Journalist i k\u00ebrkon Gjykat\u00ebs s\u00eb Posa\u00e7me t\u00eb Apelit kund\u00ebr Korrupsionit dhe Krimit t\u00eb Organizuar t\u00eb urdh\u00ebroj\u00eb SPAK-un t\u2019i kthej\u00eb t\u00eb gjitha pajisjet Elton Qyno-s dhe k\u00ebmb\u00ebngul q\u00eb t\u00eb p\u00ebrmbahet n\u00eb t\u00eb ardhmen nga nisja e \u00e7\u00ebshtjeve q\u00eb rrezikojn\u00eb burime gazetar\u00ebsh\u2026\u201d, thuhet n\u00eb deklarat\u00ebn e Organizat\u00ebs \u201cSafe Journalists\u201d.<\/p>\n","protected":false},"excerpt":{"rendered":"<p>Federata Europiane e Gazetar\u00ebve, ka reaguar s\u00ebrish lidhur me rastin e paprecedent\u00eb t\u00eb sekuestrimit nga SPAK t\u00eb pajisjeve t\u00eb gazetarit investigativ, Elton Qyno. Reagimi i k\u00ebsaj federate, e cila \u00ebsht\u00eb organizata m\u00eb e madhe e gazetar\u00ebve n\u00eb Europ\u00eb, vjen p\u00ebrmes Ricardo Gutierrez, Sekretarit t\u00eb P\u00ebrgjithsh\u00ebm, i cili shpreh shqet\u00ebsimin e tij p\u00ebr rastin n\u00eb fjal\u00eb, &hellip;<\/p>\n","protected":false},"author":4,"featured_media":66356,"comment_status":"closed","ping_status":"closed","sticky":false,"template":"","format":"standard","meta":{"footnotes":""},"categories":[37],"tags":[],"class_list":["post-68078","post","type-post","status-publish","format-standard","has-post-thumbnail","","category-politike"],"_links":{"self":[{"href":"https:\/\/rdnews.al\/index.php\/wp-json\/wp\/v2\/posts\/68078","targetHints":{"allow":["GET"]}}],"collection":[{"href":"https:\/\/rdnews.al\/index.php\/wp-json\/wp\/v2\/posts"}],"about":[{"href":"https:\/\/rdnews.al\/index.php\/wp-json\/wp\/v2\/types\/post"}],"author":[{"embeddable":true,"href":"https:\/\/rdnews.al\/index.php\/wp-json\/wp\/v2\/users\/4"}],"replies":[{"embeddable":true,"href":"https:\/\/rdnews.al\/index.php\/wp-json\/wp\/v2\/comments?post=68078"}],"version-history":[{"count":0,"href":"https:\/\/rdnews.al\/index.php\/wp-json\/wp\/v2\/posts\/68078\/revisions"}],"wp:featuredmedia":[{"embeddable":true,"href":"https:\/\/rdnews.al\/index.php\/wp-json\/wp\/v2\/media\/66356"}],"wp:attachment":[{"href":"https:\/\/rdnews.al\/index.php\/wp-json\/wp\/v2\/media?parent=68078"}],"wp:term":[{"taxonomy":"category","embeddable":true,"href":"https:\/\/rdnews.al\/index.php\/wp-json\/wp\/v2\/categories?post=68078"},{"taxonomy":"post_tag","embeddable":true,"href":"https:\/\/rdnews.al\/index.php\/wp-json\/wp\/v2\/tags?post=68078"}],"curies":[{"name":"wp","href":"https:\/\/api.w.org\/{rel}","templated":true}]}}