{"id":68081,"date":"2024-01-04T21:27:06","date_gmt":"2024-01-04T21:27:06","guid":{"rendered":"https:\/\/rdnews.al\/?p=68081"},"modified":"2024-01-04T21:27:06","modified_gmt":"2024-01-04T21:27:06","slug":"gjokutaj-aktiviteti-politik-i-zotit-berisha-eshte-i-pacenuar-nga-vendimi-i-gjykates","status":"publish","type":"post","link":"https:\/\/rdnews.al\/index.php\/2024\/01\/04\/gjokutaj-aktiviteti-politik-i-zotit-berisha-eshte-i-pacenuar-nga-vendimi-i-gjykates\/","title":{"rendered":"Gjokutaj: Aktiviteti politik i zotit Berisha \u00ebsht\u00eb i pacenuar nga vendimi i gjykat\u00ebs!"},"content":{"rendered":"<p>N\u00eb emisionin\u00a0 e par\u00eb t\u00eb \u201cOpinion\u201d p\u00ebr vitin 2024, sonte \u00ebsht\u00eb diskutuar p\u00ebr mas\u00ebn e arrestit sht\u00ebpiak q\u00eb u vendos m\u00eb 30 Dhjetor 2023 ndaj liderit t\u00eb opozit\u00ebs, Sali Berisha. Ky i fundit q\u00eb prej dit\u00ebs s\u00eb djeshme e ka gjetur m\u00ebnyr\u00ebn p\u00ebr t\u00eb folur me demokrat\u00ebt, pavar\u00ebsisht izolimit n\u00eb banes\u00eb.<\/p>\n<p>Avokati i kryeopozitarit,\u00a0Genc Gjokutaj, foli p\u00ebr gazetarin Blendi Fevziu p\u00ebrmes nj\u00eb lidhjeje Skype. Ai theksoi se nuk ka efektiv\u00eb policie tek dera e banes\u00ebs s\u00eb Berish\u00ebs dhe se kjo mas\u00eb e marr\u00eb nga Gjykata nuk e cenon aktivitetin e tij politik.<\/p>\n<p><strong>Genc Gjokutaj:<\/strong>\u00a0Kjo mas\u00eb \u00ebsht\u00eb detyrim q\u00eb personi t\u00eb mos dal\u00eb nga banesa.<\/p>\n<p><strong>-Ka polic\u00eb te dera?<\/strong><\/p>\n<p><strong>Genc Gjokutaj:<\/strong>\u00a0\u00cbsht\u00eb nj\u00ebkoh\u00ebsisht dhe me ndalim dalje jasht\u00eb shtetit, e p\u00ebrjashtojn\u00eb nj\u00ebra-tjetr\u00ebn k\u00ebto masa. Ky \u00ebsht\u00eb nj\u00eb absurditet! Berisha nuk ka nevoj\u00eb t\u00eb ket\u00eb polic\u00eb t\u00eb dera\u00a0sepse ai nuk i \u00ebsht\u00eb shmangur drejt\u00ebsis\u00eb.<\/p>\n<p><strong>Genc Gjokutaj:<\/strong>\u00a0Nuk ka polic\u00eb n\u00eb der\u00eb!<\/p>\n<p><strong>-Pra ka mbik\u00ebqyrje policore? Kush mund ta takoj\u00eb zotin Berisha? K\u00eb p\u00ebrfshin kjo list\u00eb?<\/strong><\/p>\n<p><strong>Genc Gjokutaj:<\/strong>\u00a0Komunikimi i zotit Berisha ka dy funksione, si person n\u00ebn hetim, por edhe si politikan. Ai n\u00eb k\u00ebt\u00eb cil\u00ebsi ka detyrim p\u00ebr komunikimin si\u00e7 po e realizon. Ai nuk po takon ekspert\u00eb apo d\u00ebshmitar\u00eb q\u00eb t\u2019i intimidoj\u00eb.<\/p>\n<p><strong>-Aktualisht a mund t\u2019i kryej\u00eb funksionet\u00a0e tij, mund t\u00eb shkojn\u00eb persona t\u00eb partis\u00eb ta takojn\u00eb apo votues t\u00eb tij?<\/strong><\/p>\n<p><strong>Genc Gjokutaj:<\/strong>\u00a0Absolutisht po! N\u00ebse ka probleme q\u00eb lidhen ngusht\u00ebsisht me akivitetin politik patjet\u00ebr. Gazetar\u00ebt duhet t\u00eb marrin autorizim. Por zoti Berisha mund t\u00eb komunikoj\u00eb edhe p\u00ebrmes rrjeteve sociale.<\/p>\n<p><strong>-N\u00ebse ai do t\u00eb zhvilloj\u00eb mbledhje kryesie n\u00eb sht\u00ebpi, i mund\u00ebsohet?<\/strong><\/p>\n<p><strong>Genc Gjokutaj:<\/strong>\u00a0D\u00ebgjo, ja ju b\u00ebj nj\u00eb pyetje, duhet ta gjykonte Irena Gjoka k\u00ebt\u00eb \u00e7\u00ebshtje?<\/p>\n<p><strong>-Deri ku \u00ebsht\u00eb i ndaluar dhe deri ku \u00ebsht\u00eb i lejuar?<\/strong><\/p>\n<p><strong>Genc Gjokutaj:\u00a0<\/strong>Gjykata nuk ka detajuar, ne n\u00eb ankim e kemi shtjelluar. Aktiviteti politik i zotit Berisha \u00ebsht\u00eb i pacenuar nga vendimi i gjykat\u00ebs, kjo \u00ebsht\u00eb absolute.<\/p>\n<p><strong>-N\u00eb rast se ai d\u00ebshiron t\u00eb shkoj\u00eb n\u00eb Parlament p\u00ebr t\u00eb mos humbur mandatin, kujt duhet t\u2019i marr\u00eb leje?<\/strong><\/p>\n<p><strong>Genc Gjokutaj:\u00a0<\/strong>Duhet t\u00eb lajm\u00ebroj\u00eb SPAK-un.<\/p>\n","protected":false},"excerpt":{"rendered":"<p>N\u00eb emisionin\u00a0 e par\u00eb t\u00eb \u201cOpinion\u201d p\u00ebr vitin 2024, sonte \u00ebsht\u00eb diskutuar p\u00ebr mas\u00ebn e arrestit sht\u00ebpiak q\u00eb u vendos m\u00eb 30 Dhjetor 2023 ndaj liderit t\u00eb opozit\u00ebs, Sali Berisha. Ky i fundit q\u00eb prej dit\u00ebs s\u00eb djeshme e ka gjetur m\u00ebnyr\u00ebn p\u00ebr t\u00eb folur me demokrat\u00ebt, pavar\u00ebsisht izolimit n\u00eb banes\u00eb. Avokati i kryeopozitarit,\u00a0Genc Gjokutaj, &hellip;<\/p>\n","protected":false},"author":4,"featured_media":61995,"comment_status":"closed","ping_status":"closed","sticky":false,"template":"","format":"standard","meta":{"footnotes":""},"categories":[37],"tags":[],"class_list":["post-68081","post","type-post","status-publish","format-standard","has-post-thumbnail","","category-politike"],"_links":{"self":[{"href":"https:\/\/rdnews.al\/index.php\/wp-json\/wp\/v2\/posts\/68081","targetHints":{"allow":["GET"]}}],"collection":[{"href":"https:\/\/rdnews.al\/index.php\/wp-json\/wp\/v2\/posts"}],"about":[{"href":"https:\/\/rdnews.al\/index.php\/wp-json\/wp\/v2\/types\/post"}],"author":[{"embeddable":true,"href":"https:\/\/rdnews.al\/index.php\/wp-json\/wp\/v2\/users\/4"}],"replies":[{"embeddable":true,"href":"https:\/\/rdnews.al\/index.php\/wp-json\/wp\/v2\/comments?post=68081"}],"version-history":[{"count":0,"href":"https:\/\/rdnews.al\/index.php\/wp-json\/wp\/v2\/posts\/68081\/revisions"}],"wp:featuredmedia":[{"embeddable":true,"href":"https:\/\/rdnews.al\/index.php\/wp-json\/wp\/v2\/media\/61995"}],"wp:attachment":[{"href":"https:\/\/rdnews.al\/index.php\/wp-json\/wp\/v2\/media?parent=68081"}],"wp:term":[{"taxonomy":"category","embeddable":true,"href":"https:\/\/rdnews.al\/index.php\/wp-json\/wp\/v2\/categories?post=68081"},{"taxonomy":"post_tag","embeddable":true,"href":"https:\/\/rdnews.al\/index.php\/wp-json\/wp\/v2\/tags?post=68081"}],"curies":[{"name":"wp","href":"https:\/\/api.w.org\/{rel}","templated":true}]}}