{"id":68097,"date":"2024-01-05T09:52:12","date_gmt":"2024-01-05T09:52:12","guid":{"rendered":"https:\/\/rdnews.al\/?p=68097"},"modified":"2024-01-05T14:56:35","modified_gmt":"2024-01-05T14:56:35","slug":"nderron-jete-papritur-gazetari-i-rd-armin-tirana","status":"publish","type":"post","link":"https:\/\/rdnews.al\/index.php\/2024\/01\/05\/nderron-jete-papritur-gazetari-i-rd-armin-tirana\/","title":{"rendered":"Nd\u00ebrron jet\u00eb papritur gazetari i \u201cRD\u201d, Armin Tirana"},"content":{"rendered":"<p>Gazetari i gazet\u00ebs \u201cRilindja Demokratike\u201d, Armin Tirana ka nd\u00ebrruar jet\u00eb mbr\u00ebmjen e djeshme n\u00eb mosh\u00ebn 57 vje\u00e7are krejt paprtiur. Ai ka q\u00ebn\u00eb n\u00eb banes\u00ebn e tij n\u00eb Tiran\u00eb, por n\u00eb mbr\u00ebmje nuk \u00ebsht\u00eb ndjer\u00eb mir\u00eb dhe papritur ka mbyllur syt\u00eb p\u00ebrgjithmon\u00eb.<\/p>\n<p>Armin Tirana ka punuar prej 17 vitesh n\u00eb gazet\u00ebn \u201cRilindja Demokratike\u201d dhe ka q\u00ebn\u00eb nj\u00eb z\u00eb i njohur i gazetaris\u00eb shqiptare. Shkrimet e tij priteshin me shum\u00eb interes nga lexuesi p\u00ebr shkak t\u00eb tematikave q\u00eb ai trajtonte.<\/p>\n<p>Armini jetonte prej vitesh n\u00eb Gjenev\u00eb me familjen nd\u00ebrsa vijonte me p\u00ebrkthimet e tij. Nj\u00eb interes t\u00eb ve\u00e7ant\u00eb kishin p\u00ebr lexuesit edhe shkrimet e p\u00ebrkthyera nga revista t\u00eb ndryshme bot\u00ebrore dhe ngjarje interesante q\u00eb Armini i sillte n\u00eb faqet e gazet\u00ebs RD.<\/p>\n<p>Ikja e parakohshme nga jeta e gazetarit Armin Tirana \u00ebsht\u00eb nj\u00eb humbje e madhe p\u00ebr familjen e tij, miqt\u00eb dhe t\u00eb af\u00ebrmit, por edhe p\u00ebr ne, koleg\u00ebt e tij.<\/p>\n<p>Stafi i gazet\u00ebs RD i shpreh ngush\u00ebllime familjes, miqve dhe t\u00eb af\u00ebrm\u00ebve t\u00eb Arminit.<\/p>\n<p>Lamtumir\u00eb mik!<\/p>\n<p>P\u00ebrcjellja p\u00ebr n\u00eb banes\u00ebn e fundit b\u00ebhet sot m\u00eb dt. 5 janar n\u00eb or\u00ebn 15:00.<\/p>\n<p><img loading=\"lazy\" decoding=\"async\" class=\"alignnone size-medium wp-image-68099\" src=\"https:\/\/rdnews.al\/wp-content\/uploads\/2024\/01\/aaa-300x226.jpg\" alt=\"\" width=\"300\" height=\"226\" srcset=\"https:\/\/rdnews.al\/wp-content\/uploads\/2024\/01\/aaa-300x226.jpg 300w, https:\/\/rdnews.al\/wp-content\/uploads\/2024\/01\/aaa-1024x770.jpg 1024w, https:\/\/rdnews.al\/wp-content\/uploads\/2024\/01\/aaa-768x578.jpg 768w, https:\/\/rdnews.al\/wp-content\/uploads\/2024\/01\/aaa.jpg 1280w\" sizes=\"auto, (max-width: 300px) 100vw, 300px\" \/><\/p>\n","protected":false},"excerpt":{"rendered":"<p>Gazetari i gazet\u00ebs \u201cRilindja Demokratike\u201d, Armin Tirana ka nd\u00ebrruar jet\u00eb mbr\u00ebmjen e djeshme n\u00eb mosh\u00ebn 57 vje\u00e7are krejt paprtiur. Ai ka q\u00ebn\u00eb n\u00eb banes\u00ebn e tij n\u00eb Tiran\u00eb, por n\u00eb mbr\u00ebmje nuk \u00ebsht\u00eb ndjer\u00eb mir\u00eb dhe papritur ka mbyllur syt\u00eb p\u00ebrgjithmon\u00eb. Armin Tirana ka punuar prej 17 vitesh n\u00eb gazet\u00ebn \u201cRilindja Demokratike\u201d dhe ka q\u00ebn\u00eb &hellip;<\/p>\n","protected":false},"author":4,"featured_media":68098,"comment_status":"closed","ping_status":"closed","sticky":false,"template":"","format":"standard","meta":{"footnotes":""},"categories":[37],"tags":[],"class_list":["post-68097","post","type-post","status-publish","format-standard","has-post-thumbnail","","category-politike"],"_links":{"self":[{"href":"https:\/\/rdnews.al\/index.php\/wp-json\/wp\/v2\/posts\/68097","targetHints":{"allow":["GET"]}}],"collection":[{"href":"https:\/\/rdnews.al\/index.php\/wp-json\/wp\/v2\/posts"}],"about":[{"href":"https:\/\/rdnews.al\/index.php\/wp-json\/wp\/v2\/types\/post"}],"author":[{"embeddable":true,"href":"https:\/\/rdnews.al\/index.php\/wp-json\/wp\/v2\/users\/4"}],"replies":[{"embeddable":true,"href":"https:\/\/rdnews.al\/index.php\/wp-json\/wp\/v2\/comments?post=68097"}],"version-history":[{"count":0,"href":"https:\/\/rdnews.al\/index.php\/wp-json\/wp\/v2\/posts\/68097\/revisions"}],"wp:featuredmedia":[{"embeddable":true,"href":"https:\/\/rdnews.al\/index.php\/wp-json\/wp\/v2\/media\/68098"}],"wp:attachment":[{"href":"https:\/\/rdnews.al\/index.php\/wp-json\/wp\/v2\/media?parent=68097"}],"wp:term":[{"taxonomy":"category","embeddable":true,"href":"https:\/\/rdnews.al\/index.php\/wp-json\/wp\/v2\/categories?post=68097"},{"taxonomy":"post_tag","embeddable":true,"href":"https:\/\/rdnews.al\/index.php\/wp-json\/wp\/v2\/tags?post=68097"}],"curies":[{"name":"wp","href":"https:\/\/api.w.org\/{rel}","templated":true}]}}