{"id":68101,"date":"2024-01-05T10:03:11","date_gmt":"2024-01-05T10:03:11","guid":{"rendered":"https:\/\/rdnews.al\/?p=68101"},"modified":"2024-01-05T10:03:11","modified_gmt":"2024-01-05T10:03:11","slug":"kur-kerkon-ti-mbyllesh-gojen-sali-berishes","status":"publish","type":"post","link":"https:\/\/rdnews.al\/index.php\/2024\/01\/05\/kur-kerkon-ti-mbyllesh-gojen-sali-berishes\/","title":{"rendered":"Kur k\u00ebrkon t\u2019i mbyll\u00ebsh goj\u00ebn Sali Berish\u00ebs\u2026"},"content":{"rendered":"<p><strong>Nga Edi PALOKA<\/strong><\/p>\n<p>T\u00eb jem i sinqert\u00eb, bashk\u00eb me koleg\u00ebt e tjer\u00eb, shpesh mendonim se si ta b\u00ebnim selin\u00eb e PD-s\u00eb m\u00eb \u201catraktive\u201d, ku demokrat\u00ebt dhe jo vet\u00ebm, t\u00eb mblidheshin m\u00eb t\u00eb shumt\u00eb e rregullisht.<\/p>\n<p>Edhe k\u00ebt\u00eb \u201cproblem\u201d na e zgjidhi Edvini. Tani, demokrat\u00eb e qytetar\u00eb t\u00eb thjesht\u00eb e din\u00eb ku t\u00eb mblidhen e t\u00eb takohen. Sikur edhe p\u00ebr t\u00eb pir\u00eb kafen e zakonshme, tani mund t\u00eb thon\u00eb: \u201cPo shkojm\u00eb t\u00eb pim\u00eb kafe me Sali Berish\u00ebn\u201d.<\/p>\n<p><iframe loading=\"lazy\" style=\"border: none; overflow: hidden;\" src=\"https:\/\/www.facebook.com\/plugins\/video.php?height=316&amp;href=https%3A%2F%2Fwww.facebook.com%2F100008639860309%2Fvideos%2F1587605848691911%2F&amp;show_text=false&amp;width=560&amp;t=0\" width=\"560\" height=\"316\" frameborder=\"0\" scrolling=\"no\" allowfullscreen=\"allowfullscreen\"><\/iframe><\/p>\n","protected":false},"excerpt":{"rendered":"<p>Nga Edi PALOKA T\u00eb jem i sinqert\u00eb, bashk\u00eb me koleg\u00ebt e tjer\u00eb, shpesh mendonim se si ta b\u00ebnim selin\u00eb e PD-s\u00eb m\u00eb \u201catraktive\u201d, ku demokrat\u00ebt dhe jo vet\u00ebm, t\u00eb mblidheshin m\u00eb t\u00eb shumt\u00eb e rregullisht. Edhe k\u00ebt\u00eb \u201cproblem\u201d na e zgjidhi Edvini. Tani, demokrat\u00eb e qytetar\u00eb t\u00eb thjesht\u00eb e din\u00eb ku t\u00eb mblidhen e t\u00eb &hellip;<\/p>\n","protected":false},"author":4,"featured_media":68062,"comment_status":"closed","ping_status":"closed","sticky":false,"template":"","format":"standard","meta":{"footnotes":""},"categories":[37],"tags":[],"class_list":["post-68101","post","type-post","status-publish","format-standard","has-post-thumbnail","","category-politike"],"_links":{"self":[{"href":"https:\/\/rdnews.al\/index.php\/wp-json\/wp\/v2\/posts\/68101","targetHints":{"allow":["GET"]}}],"collection":[{"href":"https:\/\/rdnews.al\/index.php\/wp-json\/wp\/v2\/posts"}],"about":[{"href":"https:\/\/rdnews.al\/index.php\/wp-json\/wp\/v2\/types\/post"}],"author":[{"embeddable":true,"href":"https:\/\/rdnews.al\/index.php\/wp-json\/wp\/v2\/users\/4"}],"replies":[{"embeddable":true,"href":"https:\/\/rdnews.al\/index.php\/wp-json\/wp\/v2\/comments?post=68101"}],"version-history":[{"count":0,"href":"https:\/\/rdnews.al\/index.php\/wp-json\/wp\/v2\/posts\/68101\/revisions"}],"wp:featuredmedia":[{"embeddable":true,"href":"https:\/\/rdnews.al\/index.php\/wp-json\/wp\/v2\/media\/68062"}],"wp:attachment":[{"href":"https:\/\/rdnews.al\/index.php\/wp-json\/wp\/v2\/media?parent=68101"}],"wp:term":[{"taxonomy":"category","embeddable":true,"href":"https:\/\/rdnews.al\/index.php\/wp-json\/wp\/v2\/categories?post=68101"},{"taxonomy":"post_tag","embeddable":true,"href":"https:\/\/rdnews.al\/index.php\/wp-json\/wp\/v2\/tags?post=68101"}],"curies":[{"name":"wp","href":"https:\/\/api.w.org\/{rel}","templated":true}]}}