{"id":68175,"date":"2024-01-06T10:50:20","date_gmt":"2024-01-06T10:50:20","guid":{"rendered":"https:\/\/rdnews.al\/?p=68175"},"modified":"2024-01-06T10:50:20","modified_gmt":"2024-01-06T10:50:20","slug":"ambasador-i-kujt-eshte-petrit-malaj-i-shtetit-apo-i-edi-rames","status":"publish","type":"post","link":"https:\/\/rdnews.al\/index.php\/2024\/01\/06\/ambasador-i-kujt-eshte-petrit-malaj-i-shtetit-apo-i-edi-rames\/","title":{"rendered":"Ambasador i kujt \u00ebsht\u00eb Petrit Malaj, i shtetit, apo i Edi Ram\u00ebs?!"},"content":{"rendered":"<p><strong>Enver Byty\u00e7i<\/strong><\/p>\n<p>Petrit Malaj ka filluar t\u00eb mbaj\u00eb q\u00ebndrime identike me ato t\u00eb Edi Ram\u00ebs sa i p\u00ebrket Kosov\u00ebs. N\u00eb nj\u00eb deklarat\u00eb t\u00eb sotme ai citon vazhdimisht kryeministrin e Shqip\u00ebris\u00eb, sikur t\u00eb ishte mesia! Pasi citon zotin Rama, edhe Petriti n\u00eb stilin e shefit shqiptar t\u00eb ekzekutivit kapet pas asaj \u00e7far\u00eb duan Uashingtoni dhe kryeqytetet europiane e \u00e7far\u00eb ato nuk duan. Pra, e p\u00ebrligjin k\u00ebrkes\u00ebn p\u00ebr krijimin e asosacionit me d\u00ebshirat dhe vullnetin e vendeve t\u00eb QUINT-it. I thoshte qeveris\u00eb s\u00eb Kosov\u00ebs q\u00eb t\u00eb n\u00ebnshkruante k\u00ebt\u00eb asosacion si\u00e7 e ka formuluar Borrell dhe Laj\u00e7ak e m\u00eb pas ta \u00e7oj\u00eb n\u00eb Gjykat\u00eb Kushtetuese. Guxim i madh q\u00eb nj\u00eb ambasador q\u00eb u b\u00eb ambasador pa qen\u00eb asnj\u00eb dit\u00eb diplomat, merr p\u00ebrsip\u00ebr t\u00eb diktoj\u00eb \u00e7far\u00eb duhet t\u00eb b\u00ebj\u00eb e \u00e7far\u00eb jo qeveria e Kosov\u00ebs dhe institucionet e saj!<\/p>\n<p>Esht\u00eb interesant gjithashtu se si ambasadori Malaj p\u00ebrdor t\u00eb nj\u00ebjtin stil si edhe kryeministri Rama p\u00ebr t\u2019i dh\u00ebn\u00eb l\u00ebgjitimitet dhe kuptim deklarat\u00ebs q\u00eb b\u00ebn. N\u00eb fakt profesioni q\u00eb ka, \u00ebsht\u00eb profesion imitimi, riprodhimi dhe interpretimi skenik, i af\u00ebrt edhe me k\u00ebt\u00eb lloj q\u00ebndrimi q\u00eb shfaq n\u00eb deklarat\u00ebn e tij. Nuk e di n\u00ebse ai \u00ebsht\u00eb konsultuar me ministrin ose ministrin\u00eb e Pun\u00ebve t\u00eb Jashtme, apo e ka b\u00ebr\u00eb at\u00eb deklarat\u00eb me urdh\u00ebr personal t\u00eb Edi Ram\u00ebs.<\/p>\n<p>Qemal Minxhozi gati dhjet\u00eb vite ishte ambasador n\u00eb Kosov\u00eb. Por nuk e kam d\u00ebgjuar asnj\u00ebher\u00eb t\u00eb p\u00ebrs\u00ebris\u00eb n\u00eb deklarime publike t\u00eb nj\u00ebjtat fraza si edhe Edi Rama, si\u00e7 b\u00ebn pasardh\u00ebsi i tij. Madje edhe sa i p\u00ebrket q\u00ebndrimeve t\u00eb kryeministrit t\u00eb vendit t\u00eb tij p\u00ebr ndarjen e Kosov\u00ebs dhe Open Balkan, Munxhozi ka mbajtur nj\u00eb q\u00ebndrim t\u00eb kujdessh\u00ebm, q\u00eb as t\u00eb mos konfrontohet me institucionet e Kosov\u00ebs, as t\u00eb mos p\u00ebrballet me padishahun e Tiran\u00ebs. Petrit Malaj, duke mos qen\u00eb diplomat, mesa duket nuk i njeh kufijt\u00eb e funksioneve t\u00eb ambasadorit.<\/p>\n<p>Ai beson se \u00ebsht\u00eb n\u00eb Prishtin\u00eb si p\u00ebrfaq\u00ebsues i Edi Ram\u00ebs dhe jo i shtetit shqiptar. Dhe shteti n\u00eb nj\u00eb vend normal shkon p\u00ebrtej rolit dhe funksionit t\u00eb kryeministrit. Ambasadori p\u00ebrfaq\u00ebson n\u00eb radh\u00eb t\u00eb par\u00eb presidentin e Republik\u00ebs, kreun e shtetit. M\u00eb pas qeverin\u00eb dhe ministrin\u00eb e tij t\u00eb jashtme. Duhet q\u00eb dikush ta kishte trajnuar Petrit Malajn para se t\u00eb shkonte n\u00eb detyr\u00ebn e ambasadorit. Por mesa duket n\u00eb k\u00ebt\u00eb vendin ton\u00eb, vendin tim e vendin t\u00ebnd, i dashur lexues, postet diplomatike e p\u00ebrtej k\u00ebsaj jan\u00eb thjesht poste prestigji dhe jo sh\u00ebrbimi diplomatik apo n\u00eb fusha t\u00eb tjera. Prandaj askush nuk kujdeset p\u00ebr p\u00ebrmbajtjen, por vet\u00ebm p\u00ebr form\u00ebn, p\u00ebr t\u00eb qen\u00eb n\u00eb rregull me shefin e qeveris\u00eb, t\u00eb plotfuqishmin e k\u00ebtij shteti e vendi, padishahun shqiptar t\u00eb shekullit XXI.<\/p>\n","protected":false},"excerpt":{"rendered":"<p>Enver Byty\u00e7i Petrit Malaj ka filluar t\u00eb mbaj\u00eb q\u00ebndrime identike me ato t\u00eb Edi Ram\u00ebs sa i p\u00ebrket Kosov\u00ebs. N\u00eb nj\u00eb deklarat\u00eb t\u00eb sotme ai citon vazhdimisht kryeministrin e Shqip\u00ebris\u00eb, sikur t\u00eb ishte mesia! Pasi citon zotin Rama, edhe Petriti n\u00eb stilin e shefit shqiptar t\u00eb ekzekutivit kapet pas asaj \u00e7far\u00eb duan Uashingtoni dhe kryeqytetet &hellip;<\/p>\n","protected":false},"author":4,"featured_media":11242,"comment_status":"closed","ping_status":"closed","sticky":false,"template":"","format":"standard","meta":{"footnotes":""},"categories":[44],"tags":[],"class_list":["post-68175","post","type-post","status-publish","format-standard","has-post-thumbnail","","category-editorial"],"_links":{"self":[{"href":"https:\/\/rdnews.al\/index.php\/wp-json\/wp\/v2\/posts\/68175","targetHints":{"allow":["GET"]}}],"collection":[{"href":"https:\/\/rdnews.al\/index.php\/wp-json\/wp\/v2\/posts"}],"about":[{"href":"https:\/\/rdnews.al\/index.php\/wp-json\/wp\/v2\/types\/post"}],"author":[{"embeddable":true,"href":"https:\/\/rdnews.al\/index.php\/wp-json\/wp\/v2\/users\/4"}],"replies":[{"embeddable":true,"href":"https:\/\/rdnews.al\/index.php\/wp-json\/wp\/v2\/comments?post=68175"}],"version-history":[{"count":0,"href":"https:\/\/rdnews.al\/index.php\/wp-json\/wp\/v2\/posts\/68175\/revisions"}],"wp:featuredmedia":[{"embeddable":true,"href":"https:\/\/rdnews.al\/index.php\/wp-json\/wp\/v2\/media\/11242"}],"wp:attachment":[{"href":"https:\/\/rdnews.al\/index.php\/wp-json\/wp\/v2\/media?parent=68175"}],"wp:term":[{"taxonomy":"category","embeddable":true,"href":"https:\/\/rdnews.al\/index.php\/wp-json\/wp\/v2\/categories?post=68175"},{"taxonomy":"post_tag","embeddable":true,"href":"https:\/\/rdnews.al\/index.php\/wp-json\/wp\/v2\/tags?post=68175"}],"curies":[{"name":"wp","href":"https:\/\/api.w.org\/{rel}","templated":true}]}}