{"id":68185,"date":"2024-01-06T12:54:43","date_gmt":"2024-01-06T12:54:43","guid":{"rendered":"https:\/\/rdnews.al\/?p=68185"},"modified":"2024-01-06T12:54:51","modified_gmt":"2024-01-06T12:54:51","slug":"nje-vetvrasje-si-vrasje-e-paralajmeruar","status":"publish","type":"post","link":"https:\/\/rdnews.al\/index.php\/2024\/01\/06\/nje-vetvrasje-si-vrasje-e-paralajmeruar\/","title":{"rendered":"Nj\u00eb vetvrasje si vrasje e paralajm\u00ebruar!"},"content":{"rendered":"<p>Kryetari i PD, Sali Berisha ka reaguar p\u00ebr vet\u00ebvrasjen e nj\u00eb n\u00ebn\u00eb me kat\u00ebr f\u00ebmij\u00eb n\u00eb Durr\u00ebs. Berisha shkruan n\u00eb nj\u00eb postim n\u00eb Facebook se, ajo prej koh\u00ebsh kishte k\u00ebrkuar mbrojtje nga k\u00ebto sulme te narko-bandit\u00eb me uniform\u00eb, por natyrisht k\u00ebrkesa e saj ishte shperfillur me ciniz\u00ebm n\u00eb pafund\u00ebsi.<\/p>\n<p><strong>Reagimi<\/strong><\/p>\n<p>T\u00eb dashur miq, nj\u00eb n\u00ebn\u00eb me kat\u00ebr f\u00ebmij\u00eb i dha fund jet\u00ebs n\u00eb m\u00ebnyr\u00eb tragjike pas r\u00ebndimit t\u00eb gjendjes s\u00eb saj psikologjike nga sulmet shqet\u00ebsuese q\u00eb i beheshin n\u00eb TikTok nga anonim mizor.<\/p>\n<p>Ajo prej koh\u00ebsh kishte k\u00ebrkuar mbrojtje nga k\u00ebto sulme te narko-bandit\u00eb me uniform\u00eb, por natyrisht k\u00ebrkesa e saj ishte shperfillur me ciniz\u00ebm n\u00eb pafund\u00ebsi. Por ky \u00ebsht\u00eb vet\u00ebm krimi i sh\u00ebmtuar i rradh\u00ebs ndaj femr\u00ebs shqiptare. Jan\u00eb jo nj\u00eb, por disa gra t\u00eb cilat edhe pasi kan\u00eb marr\u00eb mbrojtje me vendim gjykate kan\u00eb r\u00ebn\u00eb viktim\u00eb e plumbave apo thikave t\u00eb kriminel\u00ebve ndaj t\u00eb cil\u00ebve kishin k\u00ebrkuar mbrojtje.<\/p>\n<p>Shpreh ngush\u00ebllimet m\u00eb t\u00eb ndjera familjes dhe d\u00ebnoj me ashp\u00ebrsin\u00eb m\u00eb t\u00eb madhe indiferenc\u00ebn e vras\u00ebsve edhe bashkpunimin e bandit\u00ebve me uniform\u00eb me vras\u00ebsit.<\/p>\n","protected":false},"excerpt":{"rendered":"<p>Kryetari i PD, Sali Berisha ka reaguar p\u00ebr vet\u00ebvrasjen e nj\u00eb n\u00ebn\u00eb me kat\u00ebr f\u00ebmij\u00eb n\u00eb Durr\u00ebs. Berisha shkruan n\u00eb nj\u00eb postim n\u00eb Facebook se, ajo prej koh\u00ebsh kishte k\u00ebrkuar mbrojtje nga k\u00ebto sulme te narko-bandit\u00eb me uniform\u00eb, por natyrisht k\u00ebrkesa e saj ishte shperfillur me ciniz\u00ebm n\u00eb pafund\u00ebsi. Reagimi T\u00eb dashur miq, nj\u00eb n\u00ebn\u00eb &hellip;<\/p>\n","protected":false},"author":4,"featured_media":57334,"comment_status":"closed","ping_status":"closed","sticky":false,"template":"","format":"standard","meta":{"footnotes":""},"categories":[37],"tags":[],"class_list":["post-68185","post","type-post","status-publish","format-standard","has-post-thumbnail","","category-politike"],"_links":{"self":[{"href":"https:\/\/rdnews.al\/index.php\/wp-json\/wp\/v2\/posts\/68185","targetHints":{"allow":["GET"]}}],"collection":[{"href":"https:\/\/rdnews.al\/index.php\/wp-json\/wp\/v2\/posts"}],"about":[{"href":"https:\/\/rdnews.al\/index.php\/wp-json\/wp\/v2\/types\/post"}],"author":[{"embeddable":true,"href":"https:\/\/rdnews.al\/index.php\/wp-json\/wp\/v2\/users\/4"}],"replies":[{"embeddable":true,"href":"https:\/\/rdnews.al\/index.php\/wp-json\/wp\/v2\/comments?post=68185"}],"version-history":[{"count":0,"href":"https:\/\/rdnews.al\/index.php\/wp-json\/wp\/v2\/posts\/68185\/revisions"}],"wp:featuredmedia":[{"embeddable":true,"href":"https:\/\/rdnews.al\/index.php\/wp-json\/wp\/v2\/media\/57334"}],"wp:attachment":[{"href":"https:\/\/rdnews.al\/index.php\/wp-json\/wp\/v2\/media?parent=68185"}],"wp:term":[{"taxonomy":"category","embeddable":true,"href":"https:\/\/rdnews.al\/index.php\/wp-json\/wp\/v2\/categories?post=68185"},{"taxonomy":"post_tag","embeddable":true,"href":"https:\/\/rdnews.al\/index.php\/wp-json\/wp\/v2\/tags?post=68185"}],"curies":[{"name":"wp","href":"https:\/\/api.w.org\/{rel}","templated":true}]}}