{"id":68192,"date":"2024-01-06T16:57:25","date_gmt":"2024-01-06T16:57:25","guid":{"rendered":"https:\/\/rdnews.al\/?p=68192"},"modified":"2024-01-06T16:57:25","modified_gmt":"2024-01-06T16:57:25","slug":"kpk-e-quan-te-paligjshem-vendimin-qe-legjitimoi-si-pale-alibeajn-kunder-pd-shkarkon-gjyqtaren","status":"publish","type":"post","link":"https:\/\/rdnews.al\/index.php\/2024\/01\/06\/kpk-e-quan-te-paligjshem-vendimin-qe-legjitimoi-si-pale-alibeajn-kunder-pd-shkarkon-gjyqtaren\/","title":{"rendered":"KPK e quan t\u00eb paligjsh\u00ebm vendimin q\u00eb legjitimoi si pal\u00eb Alibeajn kund\u00ebr PD, shkarkon gjyqtaren"},"content":{"rendered":"<p>Sekretari p\u00ebr \u00c7\u00ebshtjet Ligjore n\u00eb PD, Ivi Kaso ka reaguar n\u00eb lidhje me shkarkimin e gjyqtares Blerina Mu\u00e7a nga KPK pasi nuk zbatoi ligjin n\u00eb \u00e7\u00ebshtjen e vul\u00ebs s\u00eb PD-s\u00eb, duke b\u00ebr\u00eb pal\u00eb n\u00eb m\u00ebnyr\u00eb t\u00eb paligjshme Enkelejd Alibeajn.<\/p>\n<p>N\u00eb nj\u00eb deklarat\u00eb p\u00ebr mediat, Kaso i b\u00ebri thirrje gjyqtar\u00ebve t\u00eb mos marrin urdhra politik\u00eb p\u00ebr t\u00eb mbajtur peng simbolet e Partis\u00eb Demokratike.<\/p>\n<p><strong>DEKLARAT\u00cb P\u00cbR MEDIA SEKRETARI P\u00cbR \u00c7\u00cbSHTJET LIGJORE N\u00cb PD, IVI KASO<\/strong><\/p>\n<p>Vendimi i sapozbardhur i Komsionit t\u00eb Pavarur t\u00eb Kualifikimit, publikuar n\u00eb faqen zyrtare t\u00eb tij, detajon t\u00eb gjitha arsyet p\u00ebr shkarkimin e gjyqtares Blerina Muca para dy muajsh.<\/p>\n<p>P\u00ebrvec disa shkeljeve t\u00eb tjera, q\u00eb kan\u00eb t\u00eb b\u00ebjn\u00eb me korrupsionin, pasurin\u00eb apo dhe me c\u00ebshtje gjyq\u00ebsore t\u00eb keqgjykuara, KPK vler\u00ebson se gjyqtarja Mu\u00e7a nuk ka zbatuar ligjin n\u00eb vendimin e marr\u00eb kund\u00ebr Partis\u00eb Demokratike.<\/p>\n<p>B\u00ebhet fjal\u00eb p\u00ebr vendimin e Blerina Mu\u00e7\u00ebs p\u00ebr t\u00eb pranuar me urdher te Edi Ram\u00ebs ne shkelje flagrante te ligjit si pal\u00eb te trete Enkelejd Alibeajn dhe p\u00ebr t\u00eb zvarritur vendimin e gjykat\u00ebs s\u00eb shkall\u00ebs s\u00eb par\u00eb q\u00eb i njihte Komisionit t\u00eb Rithemelimit t\u00eb drejt\u00ebn e vul\u00ebs dhe p\u00ebrfaq\u00ebsimit politik dhe ligjor t\u00eb PD.<\/p>\n<p>KPK sqaron se Blerina Muca nuk duket bind\u00ebse n\u00eb shpjegimet e saj dhe se ka legjitimuar nj\u00eb pal\u00eb n\u00eb kund\u00ebrshtim me Kodin e Procedur\u00ebs Civile.<\/p>\n<p>Ky vendim i zbardhur i KPK, jo vet\u00ebm legjitimon q\u00ebndrimet e Partis\u00eb Demokratike p\u00ebr ish-gjyqtaren Muca, por qart\u00ebson edhe nj\u00ebher\u00eb se kujt i takon me ligj vula dhe p\u00ebrfaq\u00ebimi i Partis\u00eb Demokratike, dhe se si simbolet e saj jan\u00eb marr\u00eb peng nga disa gjyqtar\u00eb te korruptuar me urdhra politik\u00eb.<\/p>\n<p>KPK e thot\u00eb qart\u00eb se Alibeaj nuk ishte pal\u00eb dhe nuk mund t\u00eb njihej si pal\u00eb dhe se nuk kishte tag\u00ebr p\u00ebrfq\u00ebsimi, duke l\u00ebn\u00eb k\u00ebshtu n\u00eb fuqi vendimin e gjykat\u00ebs s\u00eb shkall\u00ebs s\u00eb par\u00eb.<\/p>\n<p>Partia Demokratike u k\u00ebrkon gjyqtar\u00ebve q\u00eb mbajn\u00eb peng simbolet dhe legalitetin e Partis\u00eb Demokratike ta shohin k\u00ebt\u00eb vendim si nj\u00eb precedent t\u00eb dyt\u00eb p\u00ebr rastin n\u00eb fjal\u00eb dhe t\u00eb mos marrin urdhra politik\u00eb p\u00ebr c\u00ebshtje ligjore.<\/p>\n<p>Nuk mund t\u00eb l\u00ebm\u00eb pa p\u00ebrmendur se Pamela Qirko, t\u00eb cil\u00ebn gjithashtu e kemi denocuar disa her\u00eb nga kjo foltore, si mot\u00ebr e pushtetit, ka qen\u00eb kund\u00ebr vler\u00ebsimit t\u00eb KPK, por n\u00eb minoranc\u00eb, edhe pse e drejton institucionin.<\/p>\n<p>Arsyet kuptohen.<\/p>\n<p>Me liderin n\u00eb arrest dhe p\u00ebrfaq\u00ebsimin ligjor t\u00eb marr\u00eb peng, \u00ebsht\u00eb detyra e demokrat\u00ebve dhe shqiptar\u00ebve q\u00eb, me mosbindje civile, t\u00eb ngrihen dhe t\u00eb kthejn\u00eb n\u00eb duart e tyre t\u00eb drejtat e mohuara.<\/p>\n<p>Cdo vendim i paligjsh\u00ebm \u00ebsht\u00eb nj\u00eb taks\u00eb e re d\u00ebbimi p\u00ebr shqiptar\u00ebt.<\/p>\n<p>O sot, o kurr\u00eb!<\/p>\n","protected":false},"excerpt":{"rendered":"<p>Sekretari p\u00ebr \u00c7\u00ebshtjet Ligjore n\u00eb PD, Ivi Kaso ka reaguar n\u00eb lidhje me shkarkimin e gjyqtares Blerina Mu\u00e7a nga KPK pasi nuk zbatoi ligjin n\u00eb \u00e7\u00ebshtjen e vul\u00ebs s\u00eb PD-s\u00eb, duke b\u00ebr\u00eb pal\u00eb n\u00eb m\u00ebnyr\u00eb t\u00eb paligjshme Enkelejd Alibeajn. N\u00eb nj\u00eb deklarat\u00eb p\u00ebr mediat, Kaso i b\u00ebri thirrje gjyqtar\u00ebve t\u00eb mos marrin urdhra politik\u00eb p\u00ebr &hellip;<\/p>\n","protected":false},"author":4,"featured_media":0,"comment_status":"closed","ping_status":"closed","sticky":false,"template":"","format":"standard","meta":{"footnotes":""},"categories":[37],"tags":[],"class_list":["post-68192","post","type-post","status-publish","format-standard","","category-politike"],"_links":{"self":[{"href":"https:\/\/rdnews.al\/index.php\/wp-json\/wp\/v2\/posts\/68192","targetHints":{"allow":["GET"]}}],"collection":[{"href":"https:\/\/rdnews.al\/index.php\/wp-json\/wp\/v2\/posts"}],"about":[{"href":"https:\/\/rdnews.al\/index.php\/wp-json\/wp\/v2\/types\/post"}],"author":[{"embeddable":true,"href":"https:\/\/rdnews.al\/index.php\/wp-json\/wp\/v2\/users\/4"}],"replies":[{"embeddable":true,"href":"https:\/\/rdnews.al\/index.php\/wp-json\/wp\/v2\/comments?post=68192"}],"version-history":[{"count":0,"href":"https:\/\/rdnews.al\/index.php\/wp-json\/wp\/v2\/posts\/68192\/revisions"}],"wp:attachment":[{"href":"https:\/\/rdnews.al\/index.php\/wp-json\/wp\/v2\/media?parent=68192"}],"wp:term":[{"taxonomy":"category","embeddable":true,"href":"https:\/\/rdnews.al\/index.php\/wp-json\/wp\/v2\/categories?post=68192"},{"taxonomy":"post_tag","embeddable":true,"href":"https:\/\/rdnews.al\/index.php\/wp-json\/wp\/v2\/tags?post=68192"}],"curies":[{"name":"wp","href":"https:\/\/api.w.org\/{rel}","templated":true}]}}