{"id":68198,"date":"2024-01-06T17:09:41","date_gmt":"2024-01-06T17:09:41","guid":{"rendered":"https:\/\/rdnews.al\/?p=68198"},"modified":"2024-01-06T17:21:47","modified_gmt":"2024-01-06T17:21:47","slug":"pelegrinazhi-qindra-qytetare-para-baneses-se-liderit-te-opozites-o-sot-o-kurre","status":"publish","type":"post","link":"https:\/\/rdnews.al\/index.php\/2024\/01\/06\/pelegrinazhi-qindra-qytetare-para-baneses-se-liderit-te-opozites-o-sot-o-kurre\/","title":{"rendered":"Pelegrinazhi\/ Qindra qytetar\u00eb para banes\u00ebs s\u00eb liderit t\u00eb opozit\u00ebs: O sot o kurr\u00eb!"},"content":{"rendered":"<p>Edhe pasdit\u00ebn e sotme qindra qytetar\u00eb jan\u00eb mbledhur p\u00ebr t\u00eb gjasht\u00ebn dit\u00eb p\u00ebr t\u00eb protestuar para banes\u00ebs s\u00eb kryetarit t\u00eb PD, Sali Berisha.<\/p>\n<p>Deputetja Lindita Metaliaj gjat\u00eb fjal\u00ebs s\u00eb saj \u00ebsht\u00eb shprehur se ndaj ish-kryeministrit \u00ebsht\u00eb b\u00ebr\u00eb nj\u00eb gjyq politik dhe kjo tregon tmerrin q\u00eb ka kapur kryeministrin Edi Rama.<\/p>\n<p>\u201cLezha \u00ebsht\u00eb me ty. Gjyqi politik tregon qart\u00eb tmerrin q\u00eb ka kapluar Ram\u00ebn. O sot o kurr\u00eb do largojm\u00eb regjimin e Edi Ram\u00ebs. Ne jemi misionar\u00ebt e liris\u00eb. Do jemi ne q\u00eb do largojm\u00eb Edi Ram\u00ebn dhe regjimin kriminal t\u00eb Ram\u00ebs\u201d, tha Metaliaj.<\/p>\n<p>Nd\u00ebrsa nga ana tjet\u00ebr Luan Ba\u00e7i u shpreh se, nuk do t\u00eb ket\u00eb t\u00ebrheqje nga misioni i PD-s\u00eb.<\/p>\n","protected":false},"excerpt":{"rendered":"<p>Edhe pasdit\u00ebn e sotme qindra qytetar\u00eb jan\u00eb mbledhur p\u00ebr t\u00eb gjasht\u00ebn dit\u00eb p\u00ebr t\u00eb protestuar para banes\u00ebs s\u00eb kryetarit t\u00eb PD, Sali Berisha. Deputetja Lindita Metaliaj gjat\u00eb fjal\u00ebs s\u00eb saj \u00ebsht\u00eb shprehur se ndaj ish-kryeministrit \u00ebsht\u00eb b\u00ebr\u00eb nj\u00eb gjyq politik dhe kjo tregon tmerrin q\u00eb ka kapur kryeministrin Edi Rama. \u201cLezha \u00ebsht\u00eb me ty. Gjyqi &hellip;<\/p>\n","protected":false},"author":4,"featured_media":68203,"comment_status":"closed","ping_status":"closed","sticky":false,"template":"","format":"standard","meta":{"footnotes":""},"categories":[37],"tags":[],"class_list":["post-68198","post","type-post","status-publish","format-standard","has-post-thumbnail","","category-politike"],"_links":{"self":[{"href":"https:\/\/rdnews.al\/index.php\/wp-json\/wp\/v2\/posts\/68198","targetHints":{"allow":["GET"]}}],"collection":[{"href":"https:\/\/rdnews.al\/index.php\/wp-json\/wp\/v2\/posts"}],"about":[{"href":"https:\/\/rdnews.al\/index.php\/wp-json\/wp\/v2\/types\/post"}],"author":[{"embeddable":true,"href":"https:\/\/rdnews.al\/index.php\/wp-json\/wp\/v2\/users\/4"}],"replies":[{"embeddable":true,"href":"https:\/\/rdnews.al\/index.php\/wp-json\/wp\/v2\/comments?post=68198"}],"version-history":[{"count":0,"href":"https:\/\/rdnews.al\/index.php\/wp-json\/wp\/v2\/posts\/68198\/revisions"}],"wp:featuredmedia":[{"embeddable":true,"href":"https:\/\/rdnews.al\/index.php\/wp-json\/wp\/v2\/media\/68203"}],"wp:attachment":[{"href":"https:\/\/rdnews.al\/index.php\/wp-json\/wp\/v2\/media?parent=68198"}],"wp:term":[{"taxonomy":"category","embeddable":true,"href":"https:\/\/rdnews.al\/index.php\/wp-json\/wp\/v2\/categories?post=68198"},{"taxonomy":"post_tag","embeddable":true,"href":"https:\/\/rdnews.al\/index.php\/wp-json\/wp\/v2\/tags?post=68198"}],"curies":[{"name":"wp","href":"https:\/\/api.w.org\/{rel}","templated":true}]}}