{"id":68208,"date":"2024-01-06T17:40:00","date_gmt":"2024-01-06T17:40:00","guid":{"rendered":"https:\/\/rdnews.al\/?p=68208"},"modified":"2024-01-06T17:40:00","modified_gmt":"2024-01-06T17:40:00","slug":"kalaja-persa-kohe-qe-zoti-berisha-do-te-jete-ne-arrest-shtepie-ne-do-jemi-cdo-dite-ketu","status":"publish","type":"post","link":"https:\/\/rdnews.al\/index.php\/2024\/01\/06\/kalaja-persa-kohe-qe-zoti-berisha-do-te-jete-ne-arrest-shtepie-ne-do-jemi-cdo-dite-ketu\/","title":{"rendered":"Kalaja: P\u00ebrsa koh\u00eb q\u00eb zoti Berisha do t\u00eb jet\u00eb n\u00eb arrest sht\u00ebpie ne do jemi \u00e7do dit\u00eb k\u00ebtu!"},"content":{"rendered":"<p>Edhe pasditen e sotme qindra qytetar\u00eb iu bashkuan tubimit p\u00ebrpara banes\u00ebs s\u00eb kryetarit t\u00eb opozit\u00ebs Sali Berisha ku nd\u00ebr to ishin t\u00eb pranish\u00ebm shum\u00eb edhe eksponent\u00eb t\u00eb PD.<\/p>\n<p>Avokatja Adriana Kalaja u shpreh se protestat do t\u00eb vazhdojn\u00eb \u00e7do dit\u00eb deri n\u00eb momentin q\u00eb drejt\u00ebsia reale t\u00eb flas\u00eb.<\/p>\n<p>\u201cP\u00ebr sa koh\u00eb q\u00eb zoti Berisha, me dhun\u00ebn policore, me dhun\u00ebn e drejt\u00ebsis\u00eb politike i mohohet e drejta e tij kushtetuese\u00a0jo vet\u00ebm p\u00ebr t\u00eb ushtruar funksionin e tij si deputet, por edhe si kryetar i partis\u00eb demokratike\u00a0 ne do t\u00eb jemi k\u00ebtu p\u00ebr t\u00eb th\u00ebn q\u00eb partis\u00eb demokratike vazhdon ta drejtoj\u00eb zoti Berisha. P\u00ebr sa koh\u00eb q\u00eb zoti Berisha do t\u00eb jet\u00eb n\u00eb arrest sht\u00ebpie ne do jemi \u00e7do dit\u00eb e m\u00eb shum\u00eb k\u00ebtu deri n\u00eb dit\u00ebn kur realisht duhet t\u00ebv flas\u00eb drejt\u00ebsia bazyar n\u00eb ligj dhe kushtetut\u00eb dhe jo me urdh\u00ebra politik\u201d, u shpreh Kalaja.<\/p>\n","protected":false},"excerpt":{"rendered":"<p>Edhe pasditen e sotme qindra qytetar\u00eb iu bashkuan tubimit p\u00ebrpara banes\u00ebs s\u00eb kryetarit t\u00eb opozit\u00ebs Sali Berisha ku nd\u00ebr to ishin t\u00eb pranish\u00ebm shum\u00eb edhe eksponent\u00eb t\u00eb PD. Avokatja Adriana Kalaja u shpreh se protestat do t\u00eb vazhdojn\u00eb \u00e7do dit\u00eb deri n\u00eb momentin q\u00eb drejt\u00ebsia reale t\u00eb flas\u00eb. \u201cP\u00ebr sa koh\u00eb q\u00eb zoti Berisha, me &hellip;<\/p>\n","protected":false},"author":4,"featured_media":68201,"comment_status":"closed","ping_status":"closed","sticky":false,"template":"","format":"standard","meta":{"footnotes":""},"categories":[37],"tags":[],"class_list":["post-68208","post","type-post","status-publish","format-standard","has-post-thumbnail","","category-politike"],"_links":{"self":[{"href":"https:\/\/rdnews.al\/index.php\/wp-json\/wp\/v2\/posts\/68208","targetHints":{"allow":["GET"]}}],"collection":[{"href":"https:\/\/rdnews.al\/index.php\/wp-json\/wp\/v2\/posts"}],"about":[{"href":"https:\/\/rdnews.al\/index.php\/wp-json\/wp\/v2\/types\/post"}],"author":[{"embeddable":true,"href":"https:\/\/rdnews.al\/index.php\/wp-json\/wp\/v2\/users\/4"}],"replies":[{"embeddable":true,"href":"https:\/\/rdnews.al\/index.php\/wp-json\/wp\/v2\/comments?post=68208"}],"version-history":[{"count":0,"href":"https:\/\/rdnews.al\/index.php\/wp-json\/wp\/v2\/posts\/68208\/revisions"}],"wp:featuredmedia":[{"embeddable":true,"href":"https:\/\/rdnews.al\/index.php\/wp-json\/wp\/v2\/media\/68201"}],"wp:attachment":[{"href":"https:\/\/rdnews.al\/index.php\/wp-json\/wp\/v2\/media?parent=68208"}],"wp:term":[{"taxonomy":"category","embeddable":true,"href":"https:\/\/rdnews.al\/index.php\/wp-json\/wp\/v2\/categories?post=68208"},{"taxonomy":"post_tag","embeddable":true,"href":"https:\/\/rdnews.al\/index.php\/wp-json\/wp\/v2\/tags?post=68208"}],"curies":[{"name":"wp","href":"https:\/\/api.w.org\/{rel}","templated":true}]}}