{"id":68210,"date":"2024-01-06T17:45:50","date_gmt":"2024-01-06T17:45:50","guid":{"rendered":"https:\/\/rdnews.al\/?p=68210"},"modified":"2024-01-07T19:21:03","modified_gmt":"2024-01-07T19:21:03","slug":"argita-malltezi-per-bashen-nje-kale-i-ngordhur-dhe-mashe-e-rames","status":"publish","type":"post","link":"https:\/\/rdnews.al\/index.php\/2024\/01\/06\/argita-malltezi-per-bashen-nje-kale-i-ngordhur-dhe-mashe-e-rames\/","title":{"rendered":"Argita Malltezi p\u00ebr Bash\u00ebn: Nj\u00eb kal\u00eb i ngordhur, mash\u00eb e Ram\u00ebs!"},"content":{"rendered":"<p>N\u00eb nj\u00eb prononcim p\u00ebr A2CNN nga protesta e simpatizant\u00ebve t\u00eb Partis\u00eb Demokratike, n\u00ebn dritaren e sht\u00ebpis\u00eb ku babai i saj vuan mas\u00ebn e siguris\u00eb \u201carrest sht\u00ebpie\u201d, Argita Malltezi komentoi z\u00ebrat se ajo po fiton nj\u00eb rol t\u00eb shtuar n\u00eb kampin demokrat. Ajo b\u00ebri me dije se bashkimi i dy grupeve t\u00eb PD do t\u00eb ndodh\u00eb shum\u00eb shpejt.<\/p>\n<p>\u201cSi\u00e7 e kam th\u00ebn\u00eb dhe m\u00eb p\u00ebrpara kjo nuk \u00ebsht\u00eb \u00e7\u00ebshtja e momentit. \u00c7\u00ebshtja e momentit \u00ebsht\u00eb arsyeja pse njer\u00ebzit dalin n\u00eb rrug\u00eb dhe kjo \u00ebsht\u00eb rikthimi i dinjitetit t\u00eb k\u00ebshtjell\u00ebs s\u00eb demokrat\u00ebve. Un\u00eb jam nj\u00eb prej tyre n\u00eb k\u00ebt\u00eb shesh. PD-ja shum\u00eb shpejt do t\u00eb jet\u00eb e bashkuar. Demokrat\u00ebt e v\u00ebrtet\u00eb shum\u00eb shpejt do t\u00eb jen\u00eb t\u00eb bashkuar. Formulat i gjejn\u00eb strukturat e PD-s\u00eb, por un\u00eb kam besim se nga ngjarjet q\u00eb ndodhin kjo do t\u00eb jet\u00eb shum\u00eb e shpejt\u00eb\u201d, tha ajo.<\/p>\n<p>M\u00eb tej, Malltezi u ndaledhe tek q\u00ebndrimet e Lulzim Bash\u00ebs. Ajo tha se, Lulzim Basha \u00ebsht\u00eb i mbaruar dhe k\u00ebt\u00eb e them me bindjen time m\u00eb t\u00eb plot\u00eb.<\/p>\n<p>\u201cLulzim Brava \u00ebsht\u00eb nj\u00eb histori e mbaruar. Kushdo q\u00eb q\u00ebndron mbi nj\u00eb kal\u00eb t\u00eb ngordhur i b\u00ebn llogarit\u00eb gabim, por kjo \u00ebsht\u00eb \u00e7\u00ebshtje personale. Lulzim Basha \u00ebsht\u00eb i mbaruar dhe k\u00ebt\u00eb e them me bindjen time m\u00eb t\u00eb plot\u00eb\u201d, tha ajo.<\/p>\n<p>Nj\u00eb koment Malltezi e pati edhe p\u00ebr vendimin e Komisionit t\u00eb Pavarur t\u00eb Kualifikimit p\u00ebr gjyqtaren Blerina Mu\u00e7i, e cila ka shkelur ligjin, duke b\u00ebr\u00eb Enkelejd Alibeajn pal\u00eb n\u00eb procesin gjyq\u00ebsor p\u00ebr vul\u00ebn e PD.<\/p>\n<p>\u201cKPK ka th\u00ebn\u00eb at\u00eb q\u00eb \u00ebsht\u00eb nj\u00eb ABC e t\u00eb drejt\u00ebs, q\u00eb Blerina Mu\u00e7i ka shkelur ligjin duke e cil\u00ebsuar pal\u00eb Enkelejd Alibeajn dhe kjo \u00ebsht\u00eb e v\u00ebrteta. Procesi n\u00eb fjal\u00eb \u00ebsht\u00eb nj\u00eb nga m\u00eb t\u00eb thjeshtat n\u00eb apeksin procedural. Ligji \u00ebsht\u00eb e zez\u00eb mbi t\u00eb bardh\u00eb se \u00e7far\u00eb regjistrimesh dhe si b\u00ebhet regjistrimi. P\u00ebrb\u00ebn nj\u00eb analogji p\u00ebr shoq\u00ebrit\u00eb tregtare. K\u00ebt\u00eb lloj regjistrimi e b\u00ebn QKB-ja, kaq e thjesht\u00eb \u00ebsht\u00eb si proces, dhe t\u00eb nj\u00ebjt\u00ebn gj\u00eb duhet t\u00eb kishte b\u00ebr\u00eb edhe gjykata.<\/p>\n<p>Ky \u00ebsht\u00eb pohim i asaj q\u00eb ndodhin n\u00eb gjykatat e drejt\u00ebsis\u00eb s\u00eb kapura. Gjykata e Lart\u00eb ka rikthyer \u00e7\u00ebshtjen dhe i ka dh\u00ebn\u00eb nj\u00eb fshikullim t\u00eb mir\u00eb Kolegjit t\u00eb Apelit. Un\u00eb flas p\u00ebr ligjin dhe jo p\u00ebr ata q\u00eb b\u00ebhen z\u00ebdh\u00ebn\u00ebs t\u00eb kapjes s\u00eb drejt\u00ebsis\u00eb. Lulzim Basha dhe p\u00ebr fat t\u00eb keq jurist\u00eb n\u00eb grupimin e tij kan\u00eb harruar se \u00e7far\u00eb \u00ebsht\u00eb ligji dhe jan\u00eb kthyer n\u00eb masha t\u00eb Edi Ram\u00ebs\u201d, tha Mlltezi.<\/p>\n","protected":false},"excerpt":{"rendered":"<p>N\u00eb nj\u00eb prononcim p\u00ebr A2CNN nga protesta e simpatizant\u00ebve t\u00eb Partis\u00eb Demokratike, n\u00ebn dritaren e sht\u00ebpis\u00eb ku babai i saj vuan mas\u00ebn e siguris\u00eb \u201carrest sht\u00ebpie\u201d, Argita Malltezi komentoi z\u00ebrat se ajo po fiton nj\u00eb rol t\u00eb shtuar n\u00eb kampin demokrat. Ajo b\u00ebri me dije se bashkimi i dy grupeve t\u00eb PD do t\u00eb ndodh\u00eb &hellip;<\/p>\n","protected":false},"author":4,"featured_media":68211,"comment_status":"closed","ping_status":"closed","sticky":false,"template":"","format":"standard","meta":{"footnotes":""},"categories":[37],"tags":[],"class_list":["post-68210","post","type-post","status-publish","format-standard","has-post-thumbnail","","category-politike"],"_links":{"self":[{"href":"https:\/\/rdnews.al\/index.php\/wp-json\/wp\/v2\/posts\/68210","targetHints":{"allow":["GET"]}}],"collection":[{"href":"https:\/\/rdnews.al\/index.php\/wp-json\/wp\/v2\/posts"}],"about":[{"href":"https:\/\/rdnews.al\/index.php\/wp-json\/wp\/v2\/types\/post"}],"author":[{"embeddable":true,"href":"https:\/\/rdnews.al\/index.php\/wp-json\/wp\/v2\/users\/4"}],"replies":[{"embeddable":true,"href":"https:\/\/rdnews.al\/index.php\/wp-json\/wp\/v2\/comments?post=68210"}],"version-history":[{"count":0,"href":"https:\/\/rdnews.al\/index.php\/wp-json\/wp\/v2\/posts\/68210\/revisions"}],"wp:featuredmedia":[{"embeddable":true,"href":"https:\/\/rdnews.al\/index.php\/wp-json\/wp\/v2\/media\/68211"}],"wp:attachment":[{"href":"https:\/\/rdnews.al\/index.php\/wp-json\/wp\/v2\/media?parent=68210"}],"wp:term":[{"taxonomy":"category","embeddable":true,"href":"https:\/\/rdnews.al\/index.php\/wp-json\/wp\/v2\/categories?post=68210"},{"taxonomy":"post_tag","embeddable":true,"href":"https:\/\/rdnews.al\/index.php\/wp-json\/wp\/v2\/tags?post=68210"}],"curies":[{"name":"wp","href":"https:\/\/api.w.org\/{rel}","templated":true}]}}