{"id":68213,"date":"2024-01-06T17:55:10","date_gmt":"2024-01-06T17:55:10","guid":{"rendered":"https:\/\/rdnews.al\/?p=68213"},"modified":"2024-01-06T17:55:46","modified_gmt":"2024-01-06T17:55:46","slug":"baci-sot-qytetaret-po-i-tregojne-rames-se-asgje-nuk-e-mposht-pd-dhe-liderin-e-saj","status":"publish","type":"post","link":"https:\/\/rdnews.al\/index.php\/2024\/01\/06\/baci-sot-qytetaret-po-i-tregojne-rames-se-asgje-nuk-e-mposht-pd-dhe-liderin-e-saj\/","title":{"rendered":"Ba\u00e7i: Sot qytetar\u00ebt po i tregojn\u00eb Ram\u00ebs se asgj\u00eb nuk e mposht PD dhe liderin e saj"},"content":{"rendered":"<p>Mes qindra qytetar\u00ebve, protets\u00ebs s\u00eb sotme p\u00ebrpara banes\u00ebs s\u00eb ish-kryeministrit Sali Berisha i \u00ebsht\u00eb bashkuar edhe deputeti i Partis\u00eb Demokratike t\u00eb Fierit, Luan Ba\u00e7i.<\/p>\n<p>N\u00eb fjalimin e tij Ba\u00e7i \u00ebsht\u00eb shprehur se sot qytetar\u00ebt duhet t\u00eb ishin n\u00eb Fier p\u00ebr t\u00eb festuar 32 vjetorin e themelimit t\u00eb Partis\u00eb Demokratike t\u00eb k\u00ebtij qyteti, por, sipas tij, regjimi i Ram\u00ebs e ka detyruar shoq\u00ebrin\u00eb civile t\u00eb mblidhet p\u00ebr t\u00eb tubuar kund\u00ebr politikave t\u00eb tij antikomb\u00ebtare.<\/p>\n<p>\u201cNe jemi k\u00ebtu e do t\u00eb jemi k\u00ebtu \u00e7do dit\u00eb \u00e7do dit\u00eb n\u00eb vazhdim derisa ky regjim i Edi Ram\u00ebs t\u00eb marr\u00eb fund nj\u00ebher\u00eb e mir\u00eb. Ne nuk do ta ndalojm\u00eb aksionin\u00a0ton\u00eb politik asnj\u00eb moment. \u00cbsht\u00eb nj\u00eb dit\u00eb e sh\u00ebnuar p\u00ebr partin\u00eb demokratike n\u00eb Fier dhe sot duhet t\u00eb ishim n\u00eb Fier, t\u00eb festonim me demokrat\u00ebt dhe qytetar\u00ebt fierak por regjimi i Edi Ram\u00ebs na detyron t\u00eb jemi k\u00ebtu, n\u00eb k\u00ebt\u00eb rrugic p\u00ebr t\u2019i treguar atij s\u00ebe Partia Demokratike \u00ebsht\u00eb e madhe, \u00ebsht\u00eb e fuqishme dhe nuk mund t\u00eb eleminohet nga nj\u00eb uzurpator, nga nj\u00eb injorant, nga nj\u00eb njeri q\u00eb thjesht\u00eb dhe vet\u00ebm ka zaptuar t\u00eb gjitha pushtetet dhe deputet\u00ebt e vet i ka shnd\u00ebrruar n\u00eb dele. Sali Berisha nuk \u00ebsht\u00eb individ, Sali Berisha \u00ebsht\u00eb historia e Partis\u00eb Demokratike. \u00cbsht\u00eb lideri yn\u00eb historik dhe \u00ebsht\u00eb p\u00ebrfaq\u00ebsimi yn\u00eb 33 vje\u00e7ar\u201d, tha Ba\u00e7i.<\/p>\n","protected":false},"excerpt":{"rendered":"<p>Mes qindra qytetar\u00ebve, protets\u00ebs s\u00eb sotme p\u00ebrpara banes\u00ebs s\u00eb ish-kryeministrit Sali Berisha i \u00ebsht\u00eb bashkuar edhe deputeti i Partis\u00eb Demokratike t\u00eb Fierit, Luan Ba\u00e7i. N\u00eb fjalimin e tij Ba\u00e7i \u00ebsht\u00eb shprehur se sot qytetar\u00ebt duhet t\u00eb ishin n\u00eb Fier p\u00ebr t\u00eb festuar 32 vjetorin e themelimit t\u00eb Partis\u00eb Demokratike t\u00eb k\u00ebtij qyteti, por, sipas tij, &hellip;<\/p>\n","protected":false},"author":4,"featured_media":68214,"comment_status":"closed","ping_status":"closed","sticky":false,"template":"","format":"standard","meta":{"footnotes":""},"categories":[37],"tags":[],"class_list":["post-68213","post","type-post","status-publish","format-standard","has-post-thumbnail","","category-politike"],"_links":{"self":[{"href":"https:\/\/rdnews.al\/index.php\/wp-json\/wp\/v2\/posts\/68213","targetHints":{"allow":["GET"]}}],"collection":[{"href":"https:\/\/rdnews.al\/index.php\/wp-json\/wp\/v2\/posts"}],"about":[{"href":"https:\/\/rdnews.al\/index.php\/wp-json\/wp\/v2\/types\/post"}],"author":[{"embeddable":true,"href":"https:\/\/rdnews.al\/index.php\/wp-json\/wp\/v2\/users\/4"}],"replies":[{"embeddable":true,"href":"https:\/\/rdnews.al\/index.php\/wp-json\/wp\/v2\/comments?post=68213"}],"version-history":[{"count":0,"href":"https:\/\/rdnews.al\/index.php\/wp-json\/wp\/v2\/posts\/68213\/revisions"}],"wp:featuredmedia":[{"embeddable":true,"href":"https:\/\/rdnews.al\/index.php\/wp-json\/wp\/v2\/media\/68214"}],"wp:attachment":[{"href":"https:\/\/rdnews.al\/index.php\/wp-json\/wp\/v2\/media?parent=68213"}],"wp:term":[{"taxonomy":"category","embeddable":true,"href":"https:\/\/rdnews.al\/index.php\/wp-json\/wp\/v2\/categories?post=68213"},{"taxonomy":"post_tag","embeddable":true,"href":"https:\/\/rdnews.al\/index.php\/wp-json\/wp\/v2\/tags?post=68213"}],"curies":[{"name":"wp","href":"https:\/\/api.w.org\/{rel}","templated":true}]}}