{"id":68219,"date":"2024-01-06T18:35:13","date_gmt":"2024-01-06T18:35:13","guid":{"rendered":"https:\/\/rdnews.al\/?p=68219"},"modified":"2024-01-06T18:35:13","modified_gmt":"2024-01-06T18:35:13","slug":"boci-basha-paterice-e-qeverise-bashkepunetor-ne-arrestimin-e-berishes","status":"publish","type":"post","link":"https:\/\/rdnews.al\/index.php\/2024\/01\/06\/boci-basha-paterice-e-qeverise-bashkepunetor-ne-arrestimin-e-berishes\/","title":{"rendered":"Bo\u00e7i: Basha pateric\u00eb e qeveris\u00eb, bashk\u00ebpun\u00ebtor n\u00eb arrestimin e Berish\u00ebs!"},"content":{"rendered":"<p>N\u00ebnkryetari i PD, Lu\u00e7iano Bo\u00e7i, u shpreh se aktualisht n\u00eb fuqi p\u00ebr statusin e PD \u00ebsht\u00eb vendimi i gjyqtarit Zhukri dhe se kjo parti drejtohet nga Sali Berisha.<\/p>\n<p>I ftuar n\u00eb emisionin \u2018Kjo Jav\u00eb\u2019, Bo\u00e7i akuzoi grupimin e Lulzim Bash\u00ebs se \u00ebsht\u00eb b\u00ebr\u00eb pateric\u00eb e qeveris\u00eb.<\/p>\n<p><strong>Bo\u00e7i:<\/strong>\u00a0Partia Demokratike zyrtare \u00ebsht\u00eb vendimi i Zhukrit. Zyrtarisht Parlamenti nuk konsideron Gjykat\u00ebn dhe njeh zyrtarisht nj\u00eb pal\u00eb. Mb\u00ebshtet\u00ebsit e Bash\u00ebs e kan\u00eb pritur me nj\u00eb lloj k\u00ebnaq\u00ebsie anormale k\u00ebt\u00eb lloj arrestimi dhe \u00ebsht\u00eb pararendur nga deklarata q\u00eb vijn\u00eb nga p\u00ebrfaq\u00ebsues politike q\u00eb kan\u00eb v\u00ebn\u00eb n\u00eb fokus t\u00eb sulmit t\u00eb tyre Sali Berish\u00ebn dhe Partin\u00eb Demokratike n\u00eb nj\u00eb sulm krejt\u00ebsisht absurd. Opozita ka nj\u00eb fokus politik t\u00eb pandryshuesh\u00ebm q\u00eb \u00ebsht\u00eb lufta me mazhoranc\u00ebn.<\/p>\n<p>N\u00ebse do t\u00eb b\u00ebhesh pateric\u00eb e qeveris\u00eb, t\u00eb \u00e7on t\u00eb b\u00ebsh arsyetime t\u00eb tilla. Kjo pjes\u00eb b\u00ebn opozit\u00ebn e opozit\u00ebs dhe b\u00ebn opozit\u00ebn e qeveris\u00eb. K\u00ebt\u00eb nuk e b\u00ebjn\u00eb nga papjekuria. Kan\u00eb shprehur pjes\u00ebn e k\u00ebnaq\u00ebsis\u00eb dhe madje jan\u00eb kontributor pasi sulmi i tyre nuk \u00ebsht\u00eb ndaj Edi Ram\u00ebs por vet\u00ebm ndaj kreut t\u00eb Partis\u00eb Demokratike. Sulmi i tyre nuk \u00ebsht\u00eb vet\u00ebm ndaj Zt.Berisha por edhe ndaj demokrat\u00ebve. Mund t\u00eb jen\u00eb t\u00eb motivuar n\u00eb p\u00ebrballje me demokrat\u00ebt por jo me qeverin\u00eb dhe ky \u00ebsht\u00eb gabim fatal. Nuk mund t\u00eb prodhosh politik\u00eb duke luftuar veten, historin\u00eb tuaj dhe p\u00ebr m\u00eb tep\u00ebr ata q\u00eb i ke p\u00ebrfaq\u00ebsuar\u201d, tha ai.<\/p>\n<p>Bo\u00e7i komentoi edhe deklaratat e Lulzim Bash\u00ebs. \u201cNuk para e ndjek zotin Basha, ishte pjes\u00eb e humorit t\u00eb p\u00ebrditsh\u00ebm dhe e ndoqa. Ai i ka zhvleft\u00ebsuar vet\u00eb deklaratat e tij. N\u00eb asnj\u00eb moment nuk ka b\u00ebr\u00eb zgjidhjen e duhur politike n\u00eb Partin\u00eb Demokratike dhe tani n\u00eb nj\u00eb moment t\u00eb v\u00ebshtir\u00eb t\u00eb jet\u00ebs s\u00eb vet politike, nuk b\u00ebn zgjidhjen e duhur.<\/p>\n","protected":false},"excerpt":{"rendered":"<p>N\u00ebnkryetari i PD, Lu\u00e7iano Bo\u00e7i, u shpreh se aktualisht n\u00eb fuqi p\u00ebr statusin e PD \u00ebsht\u00eb vendimi i gjyqtarit Zhukri dhe se kjo parti drejtohet nga Sali Berisha. I ftuar n\u00eb emisionin \u2018Kjo Jav\u00eb\u2019, Bo\u00e7i akuzoi grupimin e Lulzim Bash\u00ebs se \u00ebsht\u00eb b\u00ebr\u00eb pateric\u00eb e qeveris\u00eb. Bo\u00e7i:\u00a0Partia Demokratike zyrtare \u00ebsht\u00eb vendimi i Zhukrit. Zyrtarisht Parlamenti &hellip;<\/p>\n","protected":false},"author":4,"featured_media":68220,"comment_status":"closed","ping_status":"closed","sticky":false,"template":"","format":"standard","meta":{"footnotes":""},"categories":[37],"tags":[],"class_list":["post-68219","post","type-post","status-publish","format-standard","has-post-thumbnail","","category-politike"],"_links":{"self":[{"href":"https:\/\/rdnews.al\/index.php\/wp-json\/wp\/v2\/posts\/68219","targetHints":{"allow":["GET"]}}],"collection":[{"href":"https:\/\/rdnews.al\/index.php\/wp-json\/wp\/v2\/posts"}],"about":[{"href":"https:\/\/rdnews.al\/index.php\/wp-json\/wp\/v2\/types\/post"}],"author":[{"embeddable":true,"href":"https:\/\/rdnews.al\/index.php\/wp-json\/wp\/v2\/users\/4"}],"replies":[{"embeddable":true,"href":"https:\/\/rdnews.al\/index.php\/wp-json\/wp\/v2\/comments?post=68219"}],"version-history":[{"count":0,"href":"https:\/\/rdnews.al\/index.php\/wp-json\/wp\/v2\/posts\/68219\/revisions"}],"wp:featuredmedia":[{"embeddable":true,"href":"https:\/\/rdnews.al\/index.php\/wp-json\/wp\/v2\/media\/68220"}],"wp:attachment":[{"href":"https:\/\/rdnews.al\/index.php\/wp-json\/wp\/v2\/media?parent=68219"}],"wp:term":[{"taxonomy":"category","embeddable":true,"href":"https:\/\/rdnews.al\/index.php\/wp-json\/wp\/v2\/categories?post=68219"},{"taxonomy":"post_tag","embeddable":true,"href":"https:\/\/rdnews.al\/index.php\/wp-json\/wp\/v2\/tags?post=68219"}],"curies":[{"name":"wp","href":"https:\/\/api.w.org\/{rel}","templated":true}]}}