{"id":68225,"date":"2024-01-06T19:14:31","date_gmt":"2024-01-06T19:14:31","guid":{"rendered":"https:\/\/rdnews.al\/?p=68225"},"modified":"2024-01-06T19:14:31","modified_gmt":"2024-01-06T19:14:31","slug":"edhe-vucic-arreston-kryetarin-e-nje-partie-opozitare","status":"publish","type":"post","link":"https:\/\/rdnews.al\/index.php\/2024\/01\/06\/edhe-vucic-arreston-kryetarin-e-nje-partie-opozitare\/","title":{"rendered":"Edhe Vu\u00e7i\u00e7 arreston Kryetarin e nj\u00eb partie opozitare"},"content":{"rendered":"<p>Kryetari i Partis\u00eb Republikane n\u00eb Serbi, Nikola Sanduloviq, \u00ebsht\u00eb paraburgosur, ka konfirmuar Prokuroria e Nishit.<\/p>\n<p>Si\u00e7 thuhet n\u00eb p\u00ebrgjigjen e n\u00ebnshkruar nga kryeprokurorja Borica Mitiq, paraburgimi i \u00ebsht\u00eb caktuar atij p\u00ebr shkak t\u00eb \u201cdyshimit se ka kryer vepr\u00ebn penale t\u00eb nxitjes s\u00eb urrejtjes dhe intoleranc\u00ebs komb\u00ebtare, racore dhe fetare\u201d.<\/p>\n<p>Ky \u00ebsht\u00eb gjithashtu konfirmimi i par\u00eb zyrtar i masave t\u00eb marra nga autoritetet zyrtare n\u00eb Serbi, pas spekulimeve q\u00eb pasuan emrin e Sanduloviq n\u00eb dit\u00ebt e para t\u00eb vitit 2024, nj\u00eb person me nj\u00eb biografi kontroverse, ku p\u00ebrfshihet edhe plagosja e tij nga shp\u00ebrthimi i nj\u00eb makine 13 vjet m\u00eb par\u00eb, dhe u arrestua p\u00ebr \u201cp\u00ebrhapje paniku\u201d m\u00eb 2020 gjat\u00eb pandemis\u00eb.<\/p>\n<p><strong>Si arriti rasti n\u00eb publik?<\/strong><\/p>\n<p>N\u00eb Serbi, komentet negative v\u00ebrshonin portalet tabloide n\u00eb lidhje me postimin q\u00eb Sanduloviqit e b\u00ebri n\u00eb rrjetin social X (dikur i njohur si Twitter) m\u00eb 2 janar.<\/p>\n<p>B\u00ebhet fjal\u00eb p\u00ebr nj\u00eb video ku shihet ai duke vizituar kompleksin \u201cAdem Jashari\u201d n\u00eb Prekaz. Nuk thuhet se kur \u00ebsht\u00eb b\u00ebr\u00eb videoja. N\u00eb video, Sanduloviq vendos nj\u00eb kuror\u00eb n\u00eb monumentin q\u00eb p\u00ebrkujton ngjarjet e 5, 6 dhe 7 Marsit 1998, kur forcat serbe vran\u00eb mbi 50 an\u00ebtar\u00eb t\u00eb familjes s\u00eb Adem Jasharit, nj\u00eb nga themeluesit e ish-Ushtris\u00eb \u00c7lirimtare t\u00eb Kosov\u00ebs (U\u00c7K).<\/p>\n<p>Nj\u00eb dit\u00eb pas publikimit t\u00eb videos n\u00eb rrjetin X, avokati \u00c7edomir Stojkoviq b\u00ebri t\u00eb ditur se Sanduloviqi \u00ebsht\u00eb arrestuar m\u00eb 3 janar dhe se familja e tij nuk ka asnj\u00eb informacion p\u00ebr vendndodhjen e tij.<\/p>\n<p>Stojkoviq vazhdoi me njoftimet e tij at\u00eb dit\u00eb edhe t\u00eb nes\u00ebrmen dhe n\u00eb mbr\u00ebmjen e 3 janarit deklaroi se ishte bastisur banesa e Sanduloviqit n\u00eb komun\u00ebn e Beogradit \u201cSavski venac\u201d. Duke vepruar k\u00ebshtu, ai ndau nj\u00eb foto t\u00eb urdhrit t\u00eb bastisjes t\u00eb l\u00ebshuar nga Gjykata e Lart\u00eb Publike n\u00eb Beograd.<\/p>\n<p>N\u00eb nj\u00eb nga postimet e fundit, t\u00eb publikuar pak para p\u00ebrfundimit t\u00eb k\u00ebtij teksti, Stojkoviq publikoi edhe nj\u00eb dokument nga Drejtoria e Policis\u00eb Kriminale e Serbis\u00eb, ku thuhet se ndalimi i Sandulloviqit ka ndodhur p\u00ebr shkak t\u00eb publikimit t\u00eb nj\u00eb postimi n\u00eb X nga Prekazi.<\/p>\n<p>REL-i nuk mund ta konfirmoj\u00eb v\u00ebrtet\u00ebsin\u00eb e k\u00ebtij dokumenti.<\/p>\n<p><strong>Komentet q\u00eb pasuan<\/strong><\/p>\n<p>Alicia Kearns, deputete britanike dhe kryetare e Komisionit p\u00ebr Politik\u00eb t\u00eb Jashtme t\u00eb Parlamentit Britanik, ka folur p\u00ebr ngjarjet n\u00eb lidhje me Sanduloviq, para se t\u00eb konfirmohej zyrtarisht ndalimi.<\/p>\n<p>Ajo ka shkruar n\u00eb rrjetin social X se \u00ebsht\u00eb \u201cthell\u00ebsisht e shqet\u00ebsuar p\u00ebr sigurin\u00eb dhe sh\u00ebndetin e Nikola Sanduloviqitit, pas raportimeve se ai ishte rrahur brutalisht nga sh\u00ebrbimi inteligjent serb\u201d.<\/p>\n<p>Nj\u00eb dit\u00eb m\u00eb von\u00eb, kryeministri i Kosov\u00ebs, Albin Kurti, n\u00eb rrjetin social X ka shprehur shqet\u00ebsimin e tij p\u00ebr politikanin opozitar nga Serbia.<\/p>\n<p>\u201cKjo po ndodh pas k\u00ebrkim faljes s\u00eb tij p\u00ebr krimet e kryera nga Serbia gjat\u00eb fushat\u00ebs gjenocidale n\u00eb Kosov\u00eb. Ky brutalitet i pap\u00ebrshkruesh\u00ebm p\u00ebrfaq\u00ebson tarif\u00ebn q\u00eb Qeveria serbe ua imponon qytetar\u00ebve t\u00eb saj p\u00ebr guximin q\u00eb ta pranojn\u00eb t\u00eb v\u00ebrtet\u00ebn dhe t\u00eb p\u00ebrpiqen p\u00ebr pajtim. Ai gjithashtu p\u00ebrb\u00ebn shkelje serioze t\u00eb Konvent\u00ebs Evropiane p\u00ebr t\u00eb Drejtat e Njeriut dhe nj\u00eb sulm t\u00eb stilit t\u00eb Putinit ndaj atyre q\u00eb refuzojn\u00eb t\u00eb marrin pjes\u00eb n\u00eb mohimin e gjenocidit\u201d.<\/p>\n<p>Po ashtu m\u00eb 5 janar, ministrja e Drejt\u00ebsis\u00eb s\u00eb Kosov\u00ebs, Albulena Haxhiu, n\u00eb llogarin\u00eb e saj X, ndau fotografi t\u00eb Nikola Sanduloviqit nga ambulanca, duke treguar nj\u00eb prerje n\u00eb syrin e tij t\u00eb majt\u00eb, s\u00eb bashku me nj\u00eb tekst q\u00eb i b\u00ebn thirrje komunitetit nd\u00ebrkomb\u00ebtar t\u00eb d\u00ebnoj\u00eb \u201caktin n\u00eb p\u00ebrpjekje p\u00ebr t\u00eb eliminuar k\u00ebt\u00eb opozit\u00eb\u201d.<\/p>\n<p>Radio Evropa e Lir\u00eb nuk mund ta konfirmoj\u00eb v\u00ebrtet\u00ebsin\u00eb, koh\u00ebn ose vendin e fotografis\u00eb t\u00eb k\u00ebtij postimi n\u00eb Twitter.<\/p>\n<p>P\u00ebrve\u00e7 Prokuroris\u00eb, as Ministria e Pun\u00ebve t\u00eb Brendshme (MPB) e Serbis\u00eb dhe as Agjencia e Siguris\u00eb Informative (BIA) nuk iu p\u00ebrgjigj\u00ebn pyetjeve t\u00eb REL-it p\u00ebr Sandulloviqin. Asnj\u00eb p\u00ebrgjigje nuk \u00ebsht\u00eb marr\u00eb n\u00eb pyetjet p\u00ebr tortur\u00ebn e supozuar t\u00eb policis\u00eb ndaj Sanduloviqit.<\/p>\n<p><strong>Kush \u00ebsht\u00eb Nikola Sanduloviq?<\/strong><\/p>\n<p>Nikola Sanduloviq \u00ebsht\u00eb kryetar i Partis\u00eb Republikane, parti e cila q\u00eb nga themelimi n\u00eb vitin 2015, nuk e ka kaluar pragun zgjedhor.<\/p>\n<p>N\u00eb daljet e tij publike ai kritikoi autoritetet n\u00eb Serbi, nd\u00ebrsa nd\u00ebr t\u00eb tjera foli p\u00ebr simpatin\u00eb e tij p\u00ebr ish-presidentin amerikan, Donald Trump, duke p\u00ebrfshir\u00eb mb\u00ebshtetjen e tij p\u00ebr sulmin e mb\u00ebshtet\u00ebsve t\u00eb tij n\u00eb Capitol Hill n\u00eb janar 2021.<\/p>\n<p>N\u00eb jet\u00ebn politike t\u00eb Serbis\u00eb, Sandulloviq u shoq\u00ebrua me polemika, kryesisht n\u00eb lidhje me akuzat p\u00ebr p\u00ebrhapjen e lajmeve problematike, t\u00eb cilat kulmuan gjat\u00eb pandemis\u00eb. N\u00eb mars 2020, ai u arrestua p\u00ebr gjoja p\u00ebrhapjen e lajmeve t\u00eb rreme.<\/p>\n<p>Megjithat\u00eb, ngjarja m\u00eb e r\u00ebnd\u00eb q\u00eb lidhet me emrin e tij \u00ebsht\u00eb nga janari i vitit 2010, kur ai u plagos n\u00eb shp\u00ebrthimin e nj\u00eb bombe t\u00eb vendosur n\u00ebn makin\u00ebn e tij n\u00eb Beograd. Rasti \u00ebsht\u00eb ende i pazbardhur. \/REL\/<\/p>\n","protected":false},"excerpt":{"rendered":"<p>Kryetari i Partis\u00eb Republikane n\u00eb Serbi, Nikola Sanduloviq, \u00ebsht\u00eb paraburgosur, ka konfirmuar Prokuroria e Nishit. Si\u00e7 thuhet n\u00eb p\u00ebrgjigjen e n\u00ebnshkruar nga kryeprokurorja Borica Mitiq, paraburgimi i \u00ebsht\u00eb caktuar atij p\u00ebr shkak t\u00eb \u201cdyshimit se ka kryer vepr\u00ebn penale t\u00eb nxitjes s\u00eb urrejtjes dhe intoleranc\u00ebs komb\u00ebtare, racore dhe fetare\u201d. Ky \u00ebsht\u00eb gjithashtu konfirmimi i par\u00eb &hellip;<\/p>\n","protected":false},"author":4,"featured_media":68226,"comment_status":"closed","ping_status":"closed","sticky":false,"template":"","format":"standard","meta":{"footnotes":""},"categories":[38],"tags":[],"class_list":["post-68225","post","type-post","status-publish","format-standard","has-post-thumbnail","","category-bota"],"_links":{"self":[{"href":"https:\/\/rdnews.al\/index.php\/wp-json\/wp\/v2\/posts\/68225","targetHints":{"allow":["GET"]}}],"collection":[{"href":"https:\/\/rdnews.al\/index.php\/wp-json\/wp\/v2\/posts"}],"about":[{"href":"https:\/\/rdnews.al\/index.php\/wp-json\/wp\/v2\/types\/post"}],"author":[{"embeddable":true,"href":"https:\/\/rdnews.al\/index.php\/wp-json\/wp\/v2\/users\/4"}],"replies":[{"embeddable":true,"href":"https:\/\/rdnews.al\/index.php\/wp-json\/wp\/v2\/comments?post=68225"}],"version-history":[{"count":0,"href":"https:\/\/rdnews.al\/index.php\/wp-json\/wp\/v2\/posts\/68225\/revisions"}],"wp:featuredmedia":[{"embeddable":true,"href":"https:\/\/rdnews.al\/index.php\/wp-json\/wp\/v2\/media\/68226"}],"wp:attachment":[{"href":"https:\/\/rdnews.al\/index.php\/wp-json\/wp\/v2\/media?parent=68225"}],"wp:term":[{"taxonomy":"category","embeddable":true,"href":"https:\/\/rdnews.al\/index.php\/wp-json\/wp\/v2\/categories?post=68225"},{"taxonomy":"post_tag","embeddable":true,"href":"https:\/\/rdnews.al\/index.php\/wp-json\/wp\/v2\/tags?post=68225"}],"curies":[{"name":"wp","href":"https:\/\/api.w.org\/{rel}","templated":true}]}}