{"id":68356,"date":"2024-01-09T12:00:02","date_gmt":"2024-01-09T12:00:02","guid":{"rendered":"https:\/\/rdnews.al\/?p=68356"},"modified":"2024-01-09T12:00:02","modified_gmt":"2024-01-09T12:00:02","slug":"u-shua-perandori-i-fundit-gjerman-ja-nga-se-vuante-beckenbauer","status":"publish","type":"post","link":"https:\/\/rdnews.al\/index.php\/2024\/01\/09\/u-shua-perandori-i-fundit-gjerman-ja-nga-se-vuante-beckenbauer\/","title":{"rendered":"U shua \u201cperandori\u201d i fundit gjerman, ja nga se vuante Beckenbauer"},"content":{"rendered":"<p>Bota e futbollit humbi nj\u00eb tjet\u00ebr ikon\u00eb, nj\u00eb nga lojtar\u00ebt m\u00eb t\u00eb famsh\u00ebm t\u00eb gjith\u00eb koh\u00ebrave, \u201ckaizerin\u201d e gjerman. Franz Beckenbauer nd\u00ebrroi jet\u00eb n\u00eb mosh\u00ebn 78-t\u00eb vje\u00e7are duke l\u00ebn\u00eb pas nj\u00eb kujtim t\u00eb paharruar, nj\u00eb trash\u00ebgimi t\u00eb pa\u00e7muar. Prej vitesh, Beckenbauer vuante nga Parkinsoni dhe Demenca. N\u00eb karrier\u00ebn e tij, Beckenbauer fitoi gjith\u00e7ka, si lojtar dhe si trajner: 2 Bot\u00ebror\u00eb, si lojtar dhe si trajner, vet\u00ebm Zagallo dhe Deschamps e kan\u00eb b\u00ebr\u00eb k\u00ebt\u00eb n\u00eb bot\u00eb, pas brazilianit tani shuhet edhe ylli gjerman.<\/p>\n<p>N\u00eb CV e tij, Beckenbauer sh\u00ebnon edhe 1 Evropian, 3 Champions, 5 tituj n\u00eb Bundeslig\u00eb, 2 her\u00eb fituesi i \u201cTopit t\u00eb Art\u00eb\u201d dhe shum\u00eb trofe t\u00eb tjer\u00eb. P\u00ebrve\u00e7 trofeve, Beckenbauer ishte nj\u00eb inspirim i gjall\u00eb p\u00ebr brezat e ardhsh\u00ebm, nj\u00eb model suksesi, nj\u00eb personalitet me ndikim shum\u00eb t\u00eb madh, aq sa n\u00eb gjermani konsiderohej nj\u00eb perandor, nj\u00eb mbret, nj\u00eb figur\u00eb q\u00eb mund t\u00eb p\u00ebrmbyste dhe qeveri, aq i fort\u00eb ishte ndikimin i tij. Beckenbauer shk\u00eblqeu n\u00eb fush\u00eb, por dhe jasht\u00eb saj\u00eb, shk\u00eblqeu edhe si drejtues duke e kthyer Bayern Munich n\u00eb nj\u00eb klub ikon\u00eb. Gjermani dhe bota e futbollit jan\u00eb n\u00eb zi teksa vajtojn\u00eb ndarjen nga jeta t\u00eb nj\u00eb legjende.<\/p>\n","protected":false},"excerpt":{"rendered":"<p>Bota e futbollit humbi nj\u00eb tjet\u00ebr ikon\u00eb, nj\u00eb nga lojtar\u00ebt m\u00eb t\u00eb famsh\u00ebm t\u00eb gjith\u00eb koh\u00ebrave, \u201ckaizerin\u201d e gjerman. Franz Beckenbauer nd\u00ebrroi jet\u00eb n\u00eb mosh\u00ebn 78-t\u00eb vje\u00e7are duke l\u00ebn\u00eb pas nj\u00eb kujtim t\u00eb paharruar, nj\u00eb trash\u00ebgimi t\u00eb pa\u00e7muar. Prej vitesh, Beckenbauer vuante nga Parkinsoni dhe Demenca. N\u00eb karrier\u00ebn e tij, Beckenbauer fitoi gjith\u00e7ka, si lojtar &hellip;<\/p>\n","protected":false},"author":4,"featured_media":68357,"comment_status":"closed","ping_status":"closed","sticky":false,"template":"","format":"standard","meta":{"footnotes":""},"categories":[39],"tags":[],"class_list":["post-68356","post","type-post","status-publish","format-standard","has-post-thumbnail","","category-sport"],"_links":{"self":[{"href":"https:\/\/rdnews.al\/index.php\/wp-json\/wp\/v2\/posts\/68356","targetHints":{"allow":["GET"]}}],"collection":[{"href":"https:\/\/rdnews.al\/index.php\/wp-json\/wp\/v2\/posts"}],"about":[{"href":"https:\/\/rdnews.al\/index.php\/wp-json\/wp\/v2\/types\/post"}],"author":[{"embeddable":true,"href":"https:\/\/rdnews.al\/index.php\/wp-json\/wp\/v2\/users\/4"}],"replies":[{"embeddable":true,"href":"https:\/\/rdnews.al\/index.php\/wp-json\/wp\/v2\/comments?post=68356"}],"version-history":[{"count":0,"href":"https:\/\/rdnews.al\/index.php\/wp-json\/wp\/v2\/posts\/68356\/revisions"}],"wp:featuredmedia":[{"embeddable":true,"href":"https:\/\/rdnews.al\/index.php\/wp-json\/wp\/v2\/media\/68357"}],"wp:attachment":[{"href":"https:\/\/rdnews.al\/index.php\/wp-json\/wp\/v2\/media?parent=68356"}],"wp:term":[{"taxonomy":"category","embeddable":true,"href":"https:\/\/rdnews.al\/index.php\/wp-json\/wp\/v2\/categories?post=68356"},{"taxonomy":"post_tag","embeddable":true,"href":"https:\/\/rdnews.al\/index.php\/wp-json\/wp\/v2\/tags?post=68356"}],"curies":[{"name":"wp","href":"https:\/\/api.w.org\/{rel}","templated":true}]}}