{"id":68779,"date":"2024-01-15T12:22:11","date_gmt":"2024-01-15T12:22:11","guid":{"rendered":"https:\/\/rdnews.al\/?p=68779"},"modified":"2024-01-15T12:22:11","modified_gmt":"2024-01-15T12:22:11","slug":"25-vjetori-i-masakres-genocidit-serb-ne-fshatin-recak","status":"publish","type":"post","link":"https:\/\/rdnews.al\/index.php\/2024\/01\/15\/25-vjetori-i-masakres-genocidit-serb-ne-fshatin-recak\/","title":{"rendered":"25 vjetori i masakr\u00ebs, genocidit serb n\u00eb fshatin Re\u00e7ak!"},"content":{"rendered":"<p><strong>Nga Sali BERISHA<\/strong><\/p>\n<p>Prej dy vitesh argati i Beogradit Edi Rama me Lind\u00ebn e tij n\u00eb parlament bllokojn\u00eb rezolut\u00ebn e deputet\u00ebve t\u00eb PD p\u00ebr d\u00ebnimin e genocidit serb n\u00eb Kosov\u00eb.<\/p>\n<p>T\u00eb dashur miq, m\u00ebngjesin e 15 janarit t\u00eb vitit 1999 nj\u00ebsit\u00eb terroriste t\u00eb pushtueseve serb hyn\u00eb n\u00eb fshatin Re\u00e7ak, masakruan shtaz\u00ebrisht 45 civil\u00eb shqiptar\u00eb p\u00ebr fajin e vet\u00ebm se i p\u00ebrkisnin etnis\u00eb shqiptare. N\u00eb mesin e viktimave t\u00eb k\u00ebtij akti t\u00eb mir\u00ebfillt\u00eb genocidi kishte edhe f\u00ebmij\u00eb, gra dhe pleq.<\/p>\n<p>Masakra e Re\u00e7akut tronditi thell\u00eb nd\u00ebrgjegjen e bot\u00ebs s\u00eb civilizuar dhe sh\u00ebnoi nj\u00eb kthes\u00eb t\u00eb fort\u00eb n\u00eb qendrimin e vendeve t\u00eb lira ndaj regjimit barabar t\u00eb Milloshevi\u00e7it, \u00e7ka solli dhe vendimin historik t\u00eb Aleanc\u00ebs s\u00eb Atlantikut t\u00eb Veriut p\u00ebr nd\u00ebrhyrjen e saj p\u00ebr \u00e7lirimin e Kosov\u00ebs.<\/p>\n<p>N\u00eb k\u00ebt\u00eb 25 vjetor t\u00eb masakr\u00ebs s\u00eb Re\u00e7akut viktimat e genocidit serb n\u00eb Re\u00e7ak dhe mbar\u00eb Kosov\u00ebn k\u00ebrkojn\u00eb drejt\u00ebsi si kushti i t\u00eb gjitha kushteve p\u00ebr paqen e q\u00ebndrushme n\u00eb rajonin ton\u00eb.<\/p>\n<p>Prej dy vitesh argati i Beogradit, Edi Rama armiku i eg\u00ebr i kombit shqiptar me Lind\u00ebn e tij n\u00eb parlament bllokojn\u00eb n\u00eb nj\u00eb akt \u00e7njer\u00ebzore, antikomb\u00ebtar rezolut\u00ebn e deputet\u00ebve t\u00eb PD p\u00ebr d\u00ebnimin e genocidit serb Kosov\u00eb.<\/p>\n<p>Me k\u00ebt\u00eb rast p\u00ebrulem me nderimin m\u00eb t\u00eb madh para sakrific\u00ebs sublime t\u00eb viktimave t\u00eb genocidit ciklik serb n\u00eb Kosov\u00eb n\u00eb t\u00ebr\u00ebsi dhe atij n\u00eb Re\u00e7ak n\u00eb ve\u00e7anti dhe d\u00ebnoj me forc\u00ebn m\u00eb t\u00eb madhe krimin horror t\u00eb falangave t\u00eb Beogradit t\u00eb kryer 25 vjet m\u00eb par\u00eb n\u00eb fshatin Re\u00e7ak ndaj civil\u00ebve shqiptar dhe i b\u00ebj thirrje komunitetit nd\u00ebrkomb\u00ebtar t\u00eb vendos\u00eb para drejtesis\u00eb frym\u00ebzuesit, sponsor\u00ebt dhe ekzekutuesit e masakr\u00ebs s\u00eb Re\u00e7akut.<\/p>\n<p>Ju b\u00ebj\u00eb thirrje shqiptar\u00ebve kudo q\u00eb jan\u00eb t\u00eb d\u00ebnojn\u00eb me forc\u00ebn m\u00eb t\u00eb madhe n\u00eb k\u00ebt\u00eb 25 vjetor t\u00eb masakr\u00ebs s\u00eb Re\u00e7akut q\u00ebndrimin mohues t\u00eb k\u00ebtij akti genocidal nga albanofobi, Pashiqi shqiptar i Tiran\u00ebs Edvin Kristaq Rama.<a href=\"https:\/\/www.facebook.com\/hashtag\/sb?__eep__=6&amp;__cft__%5b0%5d=AZW8AlZg5dPiMRtXntlWno7ToXL7MkrQnuivkI-ffIh2SV0hLXrU6ZCLP5cJUObobXCASRSijGiNGY05xX-37BXldhI3-bOk8Zht2wTC00fHcf0r3v3zL6JgMWL5RzNGskD1eZHub3x9xogGbNHo3j6TTraby8ggJHklLtr42IPhrKxH1Qg468guwQLVQ9ANLwI&amp;__tn__=*NK-R\" target=\"_blank\" rel=\"noopener\">#sb<\/a><\/p>\n<p><img loading=\"lazy\" decoding=\"async\" class=\"alignnone size-medium wp-image-68780\" src=\"https:\/\/rdnews.al\/wp-content\/uploads\/2024\/01\/recak-300x174.jpg\" alt=\"\" width=\"300\" height=\"174\" srcset=\"https:\/\/rdnews.al\/wp-content\/uploads\/2024\/01\/recak-300x174.jpg 300w, https:\/\/rdnews.al\/wp-content\/uploads\/2024\/01\/recak-768x445.jpg 768w, https:\/\/rdnews.al\/wp-content\/uploads\/2024\/01\/recak.jpg 850w\" sizes=\"auto, (max-width: 300px) 100vw, 300px\" \/><\/p>\n","protected":false},"excerpt":{"rendered":"<p>Nga Sali BERISHA Prej dy vitesh argati i Beogradit Edi Rama me Lind\u00ebn e tij n\u00eb parlament bllokojn\u00eb rezolut\u00ebn e deputet\u00ebve t\u00eb PD p\u00ebr d\u00ebnimin e genocidit serb n\u00eb Kosov\u00eb. T\u00eb dashur miq, m\u00ebngjesin e 15 janarit t\u00eb vitit 1999 nj\u00ebsit\u00eb terroriste t\u00eb pushtueseve serb hyn\u00eb n\u00eb fshatin Re\u00e7ak, masakruan shtaz\u00ebrisht 45 civil\u00eb shqiptar\u00eb p\u00ebr &hellip;<\/p>\n","protected":false},"author":4,"featured_media":38854,"comment_status":"closed","ping_status":"closed","sticky":false,"template":"","format":"standard","meta":{"footnotes":""},"categories":[37],"tags":[],"class_list":["post-68779","post","type-post","status-publish","format-standard","has-post-thumbnail","","category-politike"],"_links":{"self":[{"href":"https:\/\/rdnews.al\/index.php\/wp-json\/wp\/v2\/posts\/68779","targetHints":{"allow":["GET"]}}],"collection":[{"href":"https:\/\/rdnews.al\/index.php\/wp-json\/wp\/v2\/posts"}],"about":[{"href":"https:\/\/rdnews.al\/index.php\/wp-json\/wp\/v2\/types\/post"}],"author":[{"embeddable":true,"href":"https:\/\/rdnews.al\/index.php\/wp-json\/wp\/v2\/users\/4"}],"replies":[{"embeddable":true,"href":"https:\/\/rdnews.al\/index.php\/wp-json\/wp\/v2\/comments?post=68779"}],"version-history":[{"count":0,"href":"https:\/\/rdnews.al\/index.php\/wp-json\/wp\/v2\/posts\/68779\/revisions"}],"wp:featuredmedia":[{"embeddable":true,"href":"https:\/\/rdnews.al\/index.php\/wp-json\/wp\/v2\/media\/38854"}],"wp:attachment":[{"href":"https:\/\/rdnews.al\/index.php\/wp-json\/wp\/v2\/media?parent=68779"}],"wp:term":[{"taxonomy":"category","embeddable":true,"href":"https:\/\/rdnews.al\/index.php\/wp-json\/wp\/v2\/categories?post=68779"},{"taxonomy":"post_tag","embeddable":true,"href":"https:\/\/rdnews.al\/index.php\/wp-json\/wp\/v2\/tags?post=68779"}],"curies":[{"name":"wp","href":"https:\/\/api.w.org\/{rel}","templated":true}]}}