{"id":68823,"date":"2024-01-15T18:52:14","date_gmt":"2024-01-15T18:52:14","guid":{"rendered":"https:\/\/rdnews.al\/?p=68823"},"modified":"2024-01-15T18:59:44","modified_gmt":"2024-01-15T18:59:44","slug":"voa-be-kerkon-parlament-efrktiv","status":"publish","type":"post","link":"https:\/\/rdnews.al\/index.php\/2024\/01\/15\/voa-be-kerkon-parlament-efrktiv\/","title":{"rendered":"VOA: BE k\u00ebrkon Parlament efektiv"},"content":{"rendered":"<p>N\u00eb Shqip\u00ebri sesioni i ri parlamentar nisi edhe sot pasdite n\u00eb nj\u00eb atmosfer\u00eb tensioni n\u00eb sall\u00eb ku nj\u00eb pjes\u00eb e deputet\u00ebve demokrat\u00eb, q\u00eb mb\u00ebshtesin ish kryeministrin Sali Berisha q\u00ebndruan n\u00eb k\u00ebmb\u00eb duke pamund\u00ebsuar zhvillimin normal t\u00eb seanc\u00ebs.<\/p>\n<p>N\u00eb hapje t\u00eb k\u00ebtij sesioni ishte parashikuar dhe nj\u00eb fjalim i presidentit Bajram Begaj. Drejtuesja e seanc\u00ebs zonja Lindita Nikolla u k\u00ebrkoi deputet\u00ebve t\u00eb uleshin n\u00eb vendet e tyre, nd\u00ebrsa k\u00ebta t\u00eb fundit q\u00ebndronin me parulla kund\u00ebr qeveris\u00eb n\u00eb duar. Ata k\u00ebmb\u00ebngul\u00ebn q\u00eb fillimisht t\u00eb largoheshin punonj\u00ebsit e gard\u00ebs t\u00eb rreshtuar p\u00ebrpara podiumit, dhe vijuan me protest\u00ebn, nd\u00ebrsa akuzuan presidentin se me pranin\u00eb e tij, ishte v\u00ebn\u00eb n\u00eb sh\u00ebrbim t\u00eb shumic\u00ebs.<\/p>\n<p>Situata e tensionuar e b\u00ebri t\u00eb pamundur mbajtjen e fjalimit nga kreu i shtetit, i cili njoftoi se do ta lexonte m\u00eb pas nga zyra e tij, mesazhin e p\u00ebrgatitur p\u00ebr t\u2019iu drejtuar parlamentit.<\/p>\n<p>Seanca e sotme u parapri nga nj\u00eb deklarat\u00eb e ambasadorit t\u00eb Delegacionit t\u00eb Bashkimit europian Silvio Gonzato, i cili u kujtoi forcave politike se zbatimi i reformave q\u00eb k\u00ebrkohen n\u00eb rrug\u00ebn e integrimit europian k\u00ebrkon \u201cfunksionimin efektiv t\u00eb parlamentit dhe nj\u00eb bashk\u00ebpunim t\u00eb mir\u00eb midis t\u00eb gjitha institucioneve\u201d.<\/p>\n<p>Protestat e disa grupeve t\u00eb opozit\u00ebs kan\u00eb nisur q\u00eb prej muajve t\u00eb fundit t\u00eb vitit t\u00eb kaluar, p\u00ebr shkak t\u00eb mohimit sipas tyre t\u00eb s\u00eb drejt\u00ebs p\u00ebr ngritjen e komisioneve hetimore apo dhe mos marrjes n\u00eb konsiderat\u00eb t\u00eb ndryshimeve q\u00eb ata kan\u00eb k\u00ebrkuar n\u00eb p\u00ebrb\u00ebrjen e komisionit t\u00eb reform\u00ebs zgjedhore. \/Voa<\/p>\n","protected":false},"excerpt":{"rendered":"<p>N\u00eb Shqip\u00ebri sesioni i ri parlamentar nisi edhe sot pasdite n\u00eb nj\u00eb atmosfer\u00eb tensioni n\u00eb sall\u00eb ku nj\u00eb pjes\u00eb e deputet\u00ebve demokrat\u00eb, q\u00eb mb\u00ebshtesin ish kryeministrin Sali Berisha q\u00ebndruan n\u00eb k\u00ebmb\u00eb duke pamund\u00ebsuar zhvillimin normal t\u00eb seanc\u00ebs. N\u00eb hapje t\u00eb k\u00ebtij sesioni ishte parashikuar dhe nj\u00eb fjalim i presidentit Bajram Begaj. Drejtuesja e seanc\u00ebs zonja &hellip;<\/p>\n","protected":false},"author":4,"featured_media":68824,"comment_status":"closed","ping_status":"closed","sticky":false,"template":"","format":"standard","meta":{"footnotes":""},"categories":[37],"tags":[],"class_list":["post-68823","post","type-post","status-publish","format-standard","has-post-thumbnail","","category-politike"],"_links":{"self":[{"href":"https:\/\/rdnews.al\/index.php\/wp-json\/wp\/v2\/posts\/68823","targetHints":{"allow":["GET"]}}],"collection":[{"href":"https:\/\/rdnews.al\/index.php\/wp-json\/wp\/v2\/posts"}],"about":[{"href":"https:\/\/rdnews.al\/index.php\/wp-json\/wp\/v2\/types\/post"}],"author":[{"embeddable":true,"href":"https:\/\/rdnews.al\/index.php\/wp-json\/wp\/v2\/users\/4"}],"replies":[{"embeddable":true,"href":"https:\/\/rdnews.al\/index.php\/wp-json\/wp\/v2\/comments?post=68823"}],"version-history":[{"count":0,"href":"https:\/\/rdnews.al\/index.php\/wp-json\/wp\/v2\/posts\/68823\/revisions"}],"wp:featuredmedia":[{"embeddable":true,"href":"https:\/\/rdnews.al\/index.php\/wp-json\/wp\/v2\/media\/68824"}],"wp:attachment":[{"href":"https:\/\/rdnews.al\/index.php\/wp-json\/wp\/v2\/media?parent=68823"}],"wp:term":[{"taxonomy":"category","embeddable":true,"href":"https:\/\/rdnews.al\/index.php\/wp-json\/wp\/v2\/categories?post=68823"},{"taxonomy":"post_tag","embeddable":true,"href":"https:\/\/rdnews.al\/index.php\/wp-json\/wp\/v2\/tags?post=68823"}],"curies":[{"name":"wp","href":"https:\/\/api.w.org\/{rel}","templated":true}]}}