{"id":68858,"date":"2024-01-16T10:48:40","date_gmt":"2024-01-16T10:48:40","guid":{"rendered":"https:\/\/rdnews.al\/?p=68858"},"modified":"2024-01-16T10:48:40","modified_gmt":"2024-01-16T10:48:40","slug":"reforma-zgjedhore-be-pergenjeshtron-bashen-nuk-jemi-perfshire-ne-asnje-ndermjetesim","status":"publish","type":"post","link":"https:\/\/rdnews.al\/index.php\/2024\/01\/16\/reforma-zgjedhore-be-pergenjeshtron-bashen-nuk-jemi-perfshire-ne-asnje-ndermjetesim\/","title":{"rendered":"Reforma Zgjedhore\/ BE p\u00ebrg\u00ebnjeshtron Bash\u00ebn: Nuk jemi p\u00ebrfshir\u00eb n\u00eb asnj\u00eb nd\u00ebrmjet\u00ebsim!"},"content":{"rendered":"<p>Delegacioni i BE n\u00eb Tiran\u00eb ka reaguar n\u00eb lidhje me deklarat\u00ebn e Lulzim Bash\u00ebs s\u00eb nd\u00ebrkomb\u00ebtar\u00ebt kan\u00eb nd\u00ebrhyr\u00eb n\u00eb \u00e7\u00ebshtjet e Reform\u00ebs Zgjedhore.<\/p>\n<p>N\u00eb nj\u00eb reagim p\u00ebr gazetarin e News24, Osman Stafa, ata jan\u00eb shprehur se nuk jan\u00eb p\u00ebrfshir\u00eb n\u00eb asnj\u00eb nd\u00ebrmjet\u00ebsim dhe kan\u00eb theksuar nevoj\u00ebn p\u00ebr t\u00eb ndjekur rekomandimet e OSBE\/ODIHR<\/p>\n<ol>\n<li><em> Basha pas seanc\u00ebs s\u00eb sotme plenare, n\u00eb nj\u00eb deklarat\u00eb p\u00ebr mediat, njoftoj se me ndihm\u00ebn e Ambasad\u00ebs suaj, ka bindur PS q\u00eb t\u00eb arrij\u00eb dakor\u00ebsin\u00eb me Enkelejd Alibejan (bashk\u00ebkryetar i Reform\u00ebs Zgjedhore) p\u00ebr Reform\u00ebn Zgjedhore. A mund t\u00eb konfirmoni n\u00ebse keni nd\u00ebrmjet\u00ebsuar ju dakord\u00ebsin\u00eb q\u00eb Lulzim Basha pretendon se \u00ebsht\u00eb arritur mes Damian Gjiknurit dhe Enkelejd Alibeaj? A mund t\u00eb na jepni detaje mbi negociatat e zhvilluara.<\/em><\/li>\n<\/ol>\n<p><strong>P\u00ebrgjigja:<\/strong><\/p>\n<p>N\u00eb p\u00ebrgjigje t\u00eb raportimeve q\u00eb qarkullojn\u00eb n\u00eb media, d\u00ebshirojm\u00eb t\u00eb sqarojm\u00eb se nd\u00ebrkoh\u00eb q\u00eb BE-ja nuk \u00ebsht\u00eb e p\u00ebrfshir\u00eb n\u00eb asnj\u00eb nd\u00ebrmjet\u00ebsim, q\u00ebndrimi yn\u00eb mbetet i nj\u00ebjt\u00eb: vazhdojm\u00eb t\u00eb theksojm\u00eb nevoj\u00ebn p\u00ebr t\u00eb ndjekur rekomandimet e OSBE\/ODIHR. Si\u00e7 e kemi th\u00ebn\u00eb edhe m\u00eb par\u00eb, p\u00ebrfshir\u00eb edhe Raportin e vitit 2023 p\u00ebr Shqip\u00ebrin\u00eb, reforma zgjedhore k\u00ebrkon dialog politik konstruktiv dhe gjith\u00ebp\u00ebrfshir\u00ebs t\u00eb t\u00eb gjitha pal\u00ebve.<\/p>\n","protected":false},"excerpt":{"rendered":"<p>Delegacioni i BE n\u00eb Tiran\u00eb ka reaguar n\u00eb lidhje me deklarat\u00ebn e Lulzim Bash\u00ebs s\u00eb nd\u00ebrkomb\u00ebtar\u00ebt kan\u00eb nd\u00ebrhyr\u00eb n\u00eb \u00e7\u00ebshtjet e Reform\u00ebs Zgjedhore. N\u00eb nj\u00eb reagim p\u00ebr gazetarin e News24, Osman Stafa, ata jan\u00eb shprehur se nuk jan\u00eb p\u00ebrfshir\u00eb n\u00eb asnj\u00eb nd\u00ebrmjet\u00ebsim dhe kan\u00eb theksuar nevoj\u00ebn p\u00ebr t\u00eb ndjekur rekomandimet e OSBE\/ODIHR Basha pas seanc\u00ebs &hellip;<\/p>\n","protected":false},"author":4,"featured_media":68859,"comment_status":"closed","ping_status":"closed","sticky":false,"template":"","format":"standard","meta":{"footnotes":""},"categories":[37],"tags":[],"class_list":["post-68858","post","type-post","status-publish","format-standard","has-post-thumbnail","","category-politike"],"_links":{"self":[{"href":"https:\/\/rdnews.al\/index.php\/wp-json\/wp\/v2\/posts\/68858","targetHints":{"allow":["GET"]}}],"collection":[{"href":"https:\/\/rdnews.al\/index.php\/wp-json\/wp\/v2\/posts"}],"about":[{"href":"https:\/\/rdnews.al\/index.php\/wp-json\/wp\/v2\/types\/post"}],"author":[{"embeddable":true,"href":"https:\/\/rdnews.al\/index.php\/wp-json\/wp\/v2\/users\/4"}],"replies":[{"embeddable":true,"href":"https:\/\/rdnews.al\/index.php\/wp-json\/wp\/v2\/comments?post=68858"}],"version-history":[{"count":0,"href":"https:\/\/rdnews.al\/index.php\/wp-json\/wp\/v2\/posts\/68858\/revisions"}],"wp:featuredmedia":[{"embeddable":true,"href":"https:\/\/rdnews.al\/index.php\/wp-json\/wp\/v2\/media\/68859"}],"wp:attachment":[{"href":"https:\/\/rdnews.al\/index.php\/wp-json\/wp\/v2\/media?parent=68858"}],"wp:term":[{"taxonomy":"category","embeddable":true,"href":"https:\/\/rdnews.al\/index.php\/wp-json\/wp\/v2\/categories?post=68858"},{"taxonomy":"post_tag","embeddable":true,"href":"https:\/\/rdnews.al\/index.php\/wp-json\/wp\/v2\/tags?post=68858"}],"curies":[{"name":"wp","href":"https:\/\/api.w.org\/{rel}","templated":true}]}}