{"id":68861,"date":"2024-01-16T11:03:10","date_gmt":"2024-01-16T11:03:10","guid":{"rendered":"https:\/\/rdnews.al\/?p=68861"},"modified":"2024-01-16T11:03:10","modified_gmt":"2024-01-16T11:03:10","slug":"100-milione-euro-per-reformen-ne-drejtesi-dhe-perfundon-ne-tallje-me-regji-nga-edi-rama","status":"publish","type":"post","link":"https:\/\/rdnews.al\/index.php\/2024\/01\/16\/100-milione-euro-per-reformen-ne-drejtesi-dhe-perfundon-ne-tallje-me-regji-nga-edi-rama\/","title":{"rendered":"100 milion\u00eb euro p\u00ebr reform\u00ebn n\u00eb drejt\u00ebsi dhe p\u00ebrfundon n\u00eb tallje me regji nga Edi Rama"},"content":{"rendered":"<p>An\u00ebtari i K\u00ebshillit Komb\u00ebtar t\u00eb PD, Jamarb\u00ebr Malltezi ka reaguar me nj\u00eb postim n\u00eb faqen e tij n\u00eb Facebook p\u00ebr reform\u00ebn n\u00eb drejt\u00ebsi dhe frytet e saj t\u00eb frikshme. Pasi ka me dhjet\u00ebra \u00e7\u00ebshtje penale q\u00eb del qart\u00eb emrin i kreut t\u00eb qeveris\u00eb, por ata nuk guxojn\u00eb as t&#8217;i p\u00ebrmendin emrin Edi Ram\u00ebs.<\/p>\n<p><strong>Reagimi<\/strong><\/p>\n<p>100 milion\u00eb\u00a0\u20ac p\u00ebr reform\u00ebn n\u00eb drejt\u00ebsi dhe p\u00ebrfundon n\u00eb tallje me regji nga Edi Rama.<\/p>\n<p>Rama ka firmos\u00eb ndryshime destinacioni, leje shesh nd\u00ebrtimi dhe ka shkuar d\u00ebm 330,000 \u20ac me vendim gjykate t\u00eb form\u00ebs s\u00eb prer\u00eb, por ata q\u00eb DUHET t\u00eb mbrojn\u00eb interesin publik as nuk guxojn\u00eb t\u2019i p\u00ebrmendin emrin!<\/p>\n<p>Luft\u00eb ndaj pronar\u00ebve p\u00ebr interes t\u00eb hajdutet t\u00eb Surrelit.<\/p>\n<p><img loading=\"lazy\" decoding=\"async\" class=\"alignnone size-medium wp-image-68863\" src=\"https:\/\/rdnews.al\/wp-content\/uploads\/2024\/01\/m-291x300.png\" alt=\"\" width=\"291\" height=\"300\" srcset=\"https:\/\/rdnews.al\/wp-content\/uploads\/2024\/01\/m-291x300.png 291w, https:\/\/rdnews.al\/wp-content\/uploads\/2024\/01\/m.png 613w\" sizes=\"auto, (max-width: 291px) 100vw, 291px\" \/><\/p>\n","protected":false},"excerpt":{"rendered":"<p>An\u00ebtari i K\u00ebshillit Komb\u00ebtar t\u00eb PD, Jamarb\u00ebr Malltezi ka reaguar me nj\u00eb postim n\u00eb faqen e tij n\u00eb Facebook p\u00ebr reform\u00ebn n\u00eb drejt\u00ebsi dhe frytet e saj t\u00eb frikshme. Pasi ka me dhjet\u00ebra \u00e7\u00ebshtje penale q\u00eb del qart\u00eb emrin i kreut t\u00eb qeveris\u00eb, por ata nuk guxojn\u00eb as t&#8217;i p\u00ebrmendin emrin Edi Ram\u00ebs. Reagimi 100 &hellip;<\/p>\n","protected":false},"author":4,"featured_media":0,"comment_status":"closed","ping_status":"closed","sticky":false,"template":"","format":"standard","meta":{"footnotes":""},"categories":[37],"tags":[],"class_list":["post-68861","post","type-post","status-publish","format-standard","","category-politike"],"_links":{"self":[{"href":"https:\/\/rdnews.al\/index.php\/wp-json\/wp\/v2\/posts\/68861","targetHints":{"allow":["GET"]}}],"collection":[{"href":"https:\/\/rdnews.al\/index.php\/wp-json\/wp\/v2\/posts"}],"about":[{"href":"https:\/\/rdnews.al\/index.php\/wp-json\/wp\/v2\/types\/post"}],"author":[{"embeddable":true,"href":"https:\/\/rdnews.al\/index.php\/wp-json\/wp\/v2\/users\/4"}],"replies":[{"embeddable":true,"href":"https:\/\/rdnews.al\/index.php\/wp-json\/wp\/v2\/comments?post=68861"}],"version-history":[{"count":0,"href":"https:\/\/rdnews.al\/index.php\/wp-json\/wp\/v2\/posts\/68861\/revisions"}],"wp:attachment":[{"href":"https:\/\/rdnews.al\/index.php\/wp-json\/wp\/v2\/media?parent=68861"}],"wp:term":[{"taxonomy":"category","embeddable":true,"href":"https:\/\/rdnews.al\/index.php\/wp-json\/wp\/v2\/categories?post=68861"},{"taxonomy":"post_tag","embeddable":true,"href":"https:\/\/rdnews.al\/index.php\/wp-json\/wp\/v2\/tags?post=68861"}],"curies":[{"name":"wp","href":"https:\/\/api.w.org\/{rel}","templated":true}]}}