{"id":68866,"date":"2024-01-16T11:22:13","date_gmt":"2024-01-16T11:22:13","guid":{"rendered":"https:\/\/rdnews.al\/?p=68866"},"modified":"2024-01-16T11:22:24","modified_gmt":"2024-01-16T11:22:24","slug":"shba-dhe-be-nxjerrin-zbuluar-pazarin-rama-basha-per-reformen-zgjedhore","status":"publish","type":"post","link":"https:\/\/rdnews.al\/index.php\/2024\/01\/16\/shba-dhe-be-nxjerrin-zbuluar-pazarin-rama-basha-per-reformen-zgjedhore\/","title":{"rendered":"SHBA dhe BE nxjerrin zbuluar pazarin Rama-Basha p\u00ebr Reform\u00ebn Zgjedhore"},"content":{"rendered":"<p>Ambasada e SHBA dhe Delegacioni i BE n\u00eb Tiran\u00eb kan\u00eb reaguar n\u00eb lidhje me deklaratat e Lulzim Bash\u00ebs se \u201cnd\u00ebrkomb\u00ebtar\u00ebt kan\u00eb nd\u00ebrhyr\u00eb n\u00eb \u00e7\u00ebshtjet e Reform\u00ebs Zgjedhore\u201d. N\u00eb reagimet e nd\u00ebrkomb\u00ebtrar\u00ebve thuhet se, nuk jemi p\u00ebrfshir\u00eb n\u00eb asnj\u00eb nd\u00ebrmjet\u00ebsim, reforma zgjedhore k\u00ebrkon dialog politik konstruktiv dhe gjith\u00ebp\u00ebrfshir\u00ebs t\u00eb t\u00eb gjitha pal\u00ebve.<\/p>\n<p>Ambasada e SHBA ka reaguar n\u00eb lidhje me deklaratat e Lulzim Bash\u00ebs se nd\u00ebrkomb\u00ebtar\u00ebt kan\u00eb nd\u00ebrhyr\u00eb n\u00eb \u00e7\u00ebshtjet e Reform\u00ebs Zgjedhore. Basha tha se \u201c<em>n\u00eb bashk\u00ebpunim me aleat\u00ebt strategjik t\u00eb Shqip\u00ebris\u00eb, Partia Demokratike ia ka dal\u00eb t\u00eb bind\u00eb pal\u00ebn tjet\u00ebr p\u00ebr nisjen e pun\u00ebs p\u00ebr reform\u00ebn zgjedhore\u201d.<\/em><\/p>\n<p>Ambasada thot\u00eb p\u00ebr News24 se takimet me an\u00ebtar\u00eb t\u00eb parlamentit jan\u00eb pjes\u00eb e angazhimit diplomatik, por thekson se \u201cnuk jan\u00eb pjes\u00eb e ndonj\u00eb nd\u00ebrmjet\u00ebsimi\u201d.<\/p>\n<p>Ambasada gjithashtu sqaron se interesi i tyre mbetet p\u00ebr \u2018qeverisje t\u00eb efektshme dhe p\u00ebrfaq\u00ebsuese p\u00ebr t\u00eb zbatuar rekomandimet e ODIHR-it dhe mir\u00ebpresim idet\u00eb e t\u00eb gjitha partive t\u00eb p\u00ebrgjegjshme p\u00ebr k\u00ebt\u00eb q\u00ebllim\u2019.<\/p>\n<p><strong>Pyetje:<\/strong>\u00a0Z. Basha pas seanc\u00ebs plenare, n\u00eb nj\u00eb deklarat\u00eb p\u00ebr mediat, njoftoi se me ndihm\u00ebn e Ambasad\u00ebs suaj, ka bindur PS q\u00eb t\u00eb arrij\u00eb dakord\u00ebsin me Enkelejd Alibejan (bashk\u00ebkryetar I Reform\u00ebs Zgjedhore) p\u00ebr Reform\u00ebn Zgjedhore. A mund t\u00eb konfirmoni n\u00ebse keni nd\u00ebrmjet\u00ebsuar ju dakord\u00ebsin\u00eb q\u00eb Lulzim Basha pretendon se \u00ebsht\u00eb arritur mes Damian Gjiknurit dhe Enkelejd Alibeaj? A mund t\u00eb na jepni detaje mbi negociatat e zhvilluara.<\/p>\n<p><strong>P\u00ebrgjigja e Ambasad\u00ebs s\u00eb SHBA <\/strong><\/p>\n<p>Si pjes\u00eb e angazhimit ton\u00eb normal diplomatik me an\u00ebtar\u00eb t\u00eb parlamentit, Ambasada e SHBA takohet rregullisht me kryetar\u00eb, bashk\u00ebkryetar\u00eb dhe an\u00ebtar\u00eb t\u00eb komisioneve t\u00eb ndryshme parlamentare, p\u00ebrfshi Komisionin p\u00ebr Reform\u00ebn Zgjedhore. Takimet nuk jan\u00eb pjes\u00eb e ndonj\u00eb nd\u00ebrmjet\u00ebsimi. Interesi yn\u00eb mbetet p\u00ebr qeverisje t\u00eb efektshme dhe p\u00ebrfaq\u00ebsuese p\u00ebr t\u00eb zbatuar rekomandimet e ODIHR-it dhe mir\u00ebpresim idet\u00eb e t\u00eb gjitha partive t\u00eb p\u00ebrgjegjshme p\u00ebr k\u00ebt\u00eb q\u00ebllim.<\/p>\n<p><strong>BE p\u00ebrg\u00ebnjeshtron Bash\u00ebn: Nuk jemi p\u00ebrfshir\u00eb n\u00eb asnj\u00eb nd\u00ebrmjet\u00ebsim!<\/strong><\/p>\n<p>Delegacioni i BE n\u00eb Tiran\u00eb ka reaguar n\u00eb lidhje me deklarat\u00ebn e Lulzim Bash\u00ebs s\u00eb nd\u00ebrkomb\u00ebtar\u00ebt kan\u00eb nd\u00ebrhyr\u00eb n\u00eb \u00e7\u00ebshtjet e Reform\u00ebs Zgjedhore.<\/p>\n<p>N\u00eb nj\u00eb reagim p\u00ebr gazetarin e News24, Osman Stafa, ata jan\u00eb shprehur se nuk jan\u00eb p\u00ebrfshir\u00eb n\u00eb asnj\u00eb nd\u00ebrmjet\u00ebsim dhe kan\u00eb theksuar nevoj\u00ebn p\u00ebr t\u00eb ndjekur rekomandimet e OSBE\/ODIHR<\/p>\n<p><em>Basha pas seanc\u00ebs s\u00eb sotme plenare, n\u00eb nj\u00eb deklarat\u00eb p\u00ebr mediat, njoftoj se me ndihm\u00ebn e Ambasad\u00ebs suaj, ka bindur PS q\u00eb t\u00eb arrij\u00eb dakor\u00ebsin\u00eb me Enkelejd Alibejan (bashk\u00ebkryetar i Reform\u00ebs Zgjedhore) p\u00ebr Reform\u00ebn Zgjedhore. A mund t\u00eb konfirmoni n\u00ebse keni nd\u00ebrmjet\u00ebsuar ju dakord\u00ebsin\u00eb q\u00eb Lulzim Basha pretendon se \u00ebsht\u00eb arritur mes Damian Gjiknurit dhe Enkelejd Alibeaj? A mund t\u00eb na jepni detaje mbi negociatat e zhvilluara.<\/em><\/p>\n<p><strong>P\u00ebrgjigja<\/strong><\/p>\n<p>N\u00eb p\u00ebrgjigje t\u00eb raportimeve q\u00eb qarkullojn\u00eb n\u00eb media, d\u00ebshirojm\u00eb t\u00eb sqarojm\u00eb se nd\u00ebrkoh\u00eb q\u00eb BE-ja nuk \u00ebsht\u00eb e p\u00ebrfshir\u00eb n\u00eb asnj\u00eb nd\u00ebrmjet\u00ebsim, q\u00ebndrimi yn\u00eb mbetet i nj\u00ebjt\u00eb: vazhdojm\u00eb t\u00eb theksojm\u00eb nevoj\u00ebn p\u00ebr t\u00eb ndjekur rekomandimet e OSBE\/ODIHR. Si\u00e7 e kemi th\u00ebn\u00eb edhe m\u00eb par\u00eb, p\u00ebrfshir\u00eb edhe Raportin e vitit 2023 p\u00ebr Shqip\u00ebrin\u00eb, reforma zgjedhore k\u00ebrkon dialog politik konstruktiv dhe gjith\u00ebp\u00ebrfshir\u00ebs t\u00eb t\u00eb gjitha pal\u00ebve.<\/p>\n","protected":false},"excerpt":{"rendered":"<p>Ambasada e SHBA dhe Delegacioni i BE n\u00eb Tiran\u00eb kan\u00eb reaguar n\u00eb lidhje me deklaratat e Lulzim Bash\u00ebs se \u201cnd\u00ebrkomb\u00ebtar\u00ebt kan\u00eb nd\u00ebrhyr\u00eb n\u00eb \u00e7\u00ebshtjet e Reform\u00ebs Zgjedhore\u201d. N\u00eb reagimet e nd\u00ebrkomb\u00ebtrar\u00ebve thuhet se, nuk jemi p\u00ebrfshir\u00eb n\u00eb asnj\u00eb nd\u00ebrmjet\u00ebsim, reforma zgjedhore k\u00ebrkon dialog politik konstruktiv dhe gjith\u00ebp\u00ebrfshir\u00ebs t\u00eb t\u00eb gjitha pal\u00ebve. Ambasada e SHBA ka &hellip;<\/p>\n","protected":false},"author":4,"featured_media":0,"comment_status":"closed","ping_status":"closed","sticky":false,"template":"","format":"standard","meta":{"footnotes":""},"categories":[37],"tags":[],"class_list":["post-68866","post","type-post","status-publish","format-standard","","category-politike"],"_links":{"self":[{"href":"https:\/\/rdnews.al\/index.php\/wp-json\/wp\/v2\/posts\/68866","targetHints":{"allow":["GET"]}}],"collection":[{"href":"https:\/\/rdnews.al\/index.php\/wp-json\/wp\/v2\/posts"}],"about":[{"href":"https:\/\/rdnews.al\/index.php\/wp-json\/wp\/v2\/types\/post"}],"author":[{"embeddable":true,"href":"https:\/\/rdnews.al\/index.php\/wp-json\/wp\/v2\/users\/4"}],"replies":[{"embeddable":true,"href":"https:\/\/rdnews.al\/index.php\/wp-json\/wp\/v2\/comments?post=68866"}],"version-history":[{"count":0,"href":"https:\/\/rdnews.al\/index.php\/wp-json\/wp\/v2\/posts\/68866\/revisions"}],"wp:attachment":[{"href":"https:\/\/rdnews.al\/index.php\/wp-json\/wp\/v2\/media?parent=68866"}],"wp:term":[{"taxonomy":"category","embeddable":true,"href":"https:\/\/rdnews.al\/index.php\/wp-json\/wp\/v2\/categories?post=68866"},{"taxonomy":"post_tag","embeddable":true,"href":"https:\/\/rdnews.al\/index.php\/wp-json\/wp\/v2\/tags?post=68866"}],"curies":[{"name":"wp","href":"https:\/\/api.w.org\/{rel}","templated":true}]}}