{"id":68912,"date":"2024-01-17T09:22:33","date_gmt":"2024-01-17T09:22:33","guid":{"rendered":"https:\/\/rdnews.al\/?p=68912"},"modified":"2024-01-17T09:22:33","modified_gmt":"2024-01-17T09:22:33","slug":"apeli-pranon-ankimin-e-berishes-per-zevendesimin-e-mases-dhe-perjashtimin-e-gjyqtares-irena-gjoka","status":"publish","type":"post","link":"https:\/\/rdnews.al\/index.php\/2024\/01\/17\/apeli-pranon-ankimin-e-berishes-per-zevendesimin-e-mases-dhe-perjashtimin-e-gjyqtares-irena-gjoka\/","title":{"rendered":"Apeli pranon ankimin e Berish\u00ebs p\u00ebr z\u00ebvend\u00ebsimin e mas\u00ebs dhe p\u00ebrjashtimin e gjyqtares Irena Gjoka"},"content":{"rendered":"<p>Gjykata e Posa\u00e7me e Apelit p\u00ebr Korrupsionin dhe Krimin e Organizuar ka regjistruar ankimin e kryetarit t\u00eb PD-s\u00eb, Sali Berisha p\u00ebr z\u00ebvend\u00ebsimin e mas\u00ebs s\u00eb siguris\u00eb dhe p\u00ebrjashtimin e gjyqtares Irena Gjoka, e cila \u00ebsht\u00eb n\u00eb konflikt interesi me vendimin politik t\u00eb\u00a0dh\u00ebn\u00eb kund\u00ebr kryedemokratit.<\/p>\n<p>Kreu i PD-s\u00eb, Sali Berisha kund\u00ebrshton mas\u00ebn e siguris\u00eb &#8216;Arrest sht\u00ebpie&#8217; dh\u00ebn\u00eb n\u00eb 30 dhjetor 2023, si dhe mosp\u00ebrjashtimin e gjyqtares Irena Gjoka, e cila ndodhet n\u00eb konflikt interesi.<\/p>\n<p>Kujtojm\u00eb se gjyqtarja Irena Gjoka \u00ebsht\u00eb p\u00ebrjashtuar nga Sali Berisha n\u00eb vitin 1996 p\u00ebr korrupsion gjat\u00eb koh\u00ebs q\u00eb ka q\u00ebn\u00eb Kryetar i K\u00ebshillit t\u00eb Lart\u00eb t\u00eb Drejt\u00ebsis\u00eb.<\/p>\n<p>Ankimet e Berish\u00ebs do t\u00eb gjykohen nga gjyqtarja Iliriana Olldashi.<\/p>\n<p><strong>Njoftimi i Apelit t\u00eb GJKKO<\/strong><\/p>\n<p><em>Gjykata e Posa\u00e7me e Apelit p\u00ebr Korrupsionin dhe Krimin e Organizuar regjistroi \u00e7\u00ebshtjen penale nr. 27 akti, dat\u00eb 16.11.2023 regjistrimi, mbi ankimin e personit n\u00ebn hetim S.B. me objekt: \u201cAnkim ndaj vendimit nr. 520, dat\u00eb 30.12.2023 (disponuar mbi k\u00ebrkes\u00ebn p\u00ebr z\u00ebvend\u00ebsimin e mas\u00ebs s\u00eb sigurimit personal) dhe vendimit nr. 521, dat\u00eb 27.12.2023 (disponuar mbi k\u00ebrkes\u00ebn p\u00ebr p\u00ebrjashtim gjyqtari) t\u00eb Gjykat\u00ebs s\u00eb Posa\u00e7me t\u00eb Shkall\u00ebs s\u00eb Par\u00eb<\/em><em> p\u00ebr Korrupsionin dhe Krimin e\u00a0<\/em><em>Organizuar\u201d.<\/em><\/p>\n<p><em>Sipas shortit, trupi gjykues monokratik p\u00ebrb\u00ebhet nga gjyqtarja Iliriana Olldashi.<\/em><\/p>\n","protected":false},"excerpt":{"rendered":"<p>Gjykata e Posa\u00e7me e Apelit p\u00ebr Korrupsionin dhe Krimin e Organizuar ka regjistruar ankimin e kryetarit t\u00eb PD-s\u00eb, Sali Berisha p\u00ebr z\u00ebvend\u00ebsimin e mas\u00ebs s\u00eb siguris\u00eb dhe p\u00ebrjashtimin e gjyqtares Irena Gjoka, e cila \u00ebsht\u00eb n\u00eb konflikt interesi me vendimin politik t\u00eb\u00a0dh\u00ebn\u00eb kund\u00ebr kryedemokratit. Kreu i PD-s\u00eb, Sali Berisha kund\u00ebrshton mas\u00ebn e siguris\u00eb &#8216;Arrest sht\u00ebpie&#8217; &hellip;<\/p>\n","protected":false},"author":4,"featured_media":68913,"comment_status":"closed","ping_status":"closed","sticky":false,"template":"","format":"standard","meta":{"footnotes":""},"categories":[37],"tags":[],"class_list":["post-68912","post","type-post","status-publish","format-standard","has-post-thumbnail","","category-politike"],"_links":{"self":[{"href":"https:\/\/rdnews.al\/index.php\/wp-json\/wp\/v2\/posts\/68912","targetHints":{"allow":["GET"]}}],"collection":[{"href":"https:\/\/rdnews.al\/index.php\/wp-json\/wp\/v2\/posts"}],"about":[{"href":"https:\/\/rdnews.al\/index.php\/wp-json\/wp\/v2\/types\/post"}],"author":[{"embeddable":true,"href":"https:\/\/rdnews.al\/index.php\/wp-json\/wp\/v2\/users\/4"}],"replies":[{"embeddable":true,"href":"https:\/\/rdnews.al\/index.php\/wp-json\/wp\/v2\/comments?post=68912"}],"version-history":[{"count":0,"href":"https:\/\/rdnews.al\/index.php\/wp-json\/wp\/v2\/posts\/68912\/revisions"}],"wp:featuredmedia":[{"embeddable":true,"href":"https:\/\/rdnews.al\/index.php\/wp-json\/wp\/v2\/media\/68913"}],"wp:attachment":[{"href":"https:\/\/rdnews.al\/index.php\/wp-json\/wp\/v2\/media?parent=68912"}],"wp:term":[{"taxonomy":"category","embeddable":true,"href":"https:\/\/rdnews.al\/index.php\/wp-json\/wp\/v2\/categories?post=68912"},{"taxonomy":"post_tag","embeddable":true,"href":"https:\/\/rdnews.al\/index.php\/wp-json\/wp\/v2\/tags?post=68912"}],"curies":[{"name":"wp","href":"https:\/\/api.w.org\/{rel}","templated":true}]}}