{"id":68924,"date":"2024-01-17T10:53:30","date_gmt":"2024-01-17T10:53:30","guid":{"rendered":"https:\/\/rdnews.al\/?p=68924"},"modified":"2024-01-17T11:36:03","modified_gmt":"2024-01-17T11:36:03","slug":"perplasja-bardhi-basha-nje-zagar-qe-ka-shitur-tek-rama-interesat-e-demokrateve","status":"publish","type":"post","link":"https:\/\/rdnews.al\/index.php\/2024\/01\/17\/perplasja-bardhi-basha-nje-zagar-qe-ka-shitur-tek-rama-interesat-e-demokrateve\/","title":{"rendered":"P\u00ebrplasja\/ Bardhi: Basha nj\u00eb zagar q\u00eb ka shitur tek Rama interesat e demokrat\u00ebve"},"content":{"rendered":"<p>Me debate u shoq\u00ebrua mbledhja e sotme e Komisionit t\u00eb Medias, ku deputet\u00eb t\u00eb opozit\u00ebs bllokuan punimet. Ishte Gazment Bardhi dhe deputeti Flamur Noka q\u00eb debatuan ashp\u00ebr me p\u00ebrfaq\u00ebsuesit e maxhoranc\u00ebs, por dhe me kryetaren e Komisionit, Flutura A\u00e7k\u00ebn.<\/p>\n<p>Nd\u00ebrkoh\u00eb, gjat\u00eb debatit, Bardhi ka replikuar dhe me kolegen e tij demokrate, Merita Bakiun, nd\u00ebrsa e ka akuzuar se i shkon nga pas Bash\u00ebs, nj\u00eb person q\u00eb ka shitur sipas tij interesat e demokrat\u00ebve.<\/p>\n<p><strong>Debati<br \/>\nBardhi:\u00a0<\/strong>O Merita ka mund\u00ebsi ti\u2026<\/p>\n<p><strong>Bakiu:<\/strong>\u00a0Nuk i sh\u00ebrbej Edi Ram\u00ebs un\u00eb, turp t\u2019ju vij\u00eb!<\/p>\n<p><strong>Bardhi:<\/strong>\u00a0Ngri z\u00ebrin p\u00ebr Komisionet Hetimore, boll. Pazaret i ka ndar\u00eb kush i ka ndar\u00eb. I ndan ai q\u00eb i shkon ti prapa.<\/p>\n<p><strong>Bakiu:<\/strong> Nuk i shkon njeri prapa&#8230;<\/p>\n<p><strong>Noka:\u00a0<\/strong>Jeni me Edi Ram\u00ebn.<\/p>\n<p><strong>Bakiu:<\/strong> Me Edi Ram\u00ebn jeni ju.<\/p>\n<p><strong>Bardhi:<\/strong> Pazaret i ka b\u00ebr\u00eb ai shefi jot, ti rri se nuk ka njeri gj\u00eb me ty. Nuk po t\u00eb ofendon askush. O Merita, do pushosh tani apo jo. Lulzim Basha \u00ebsht\u00eb nj\u00eb sh\u00ebrb\u00ebtor i regjimit dhe nj\u00eb zagar q\u00eb ka shitur interesat e demokrat\u00ebve. T\u00eb t\u00eb vij\u00eb turp q\u00eb i shkon nga prapa.<\/p>\n<p><strong>Bakiu:\u00a0<\/strong>Un\u00eb jam me PD.<\/p>\n<p><strong>Bardhi:\u00a0<\/strong>Nuk kemi gj\u00eb me ty, je demokrate se je me PD. Ulu se nuk ka gj\u00eb nj\u00ebri me ty.<\/p>\n","protected":false},"excerpt":{"rendered":"<p>Me debate u shoq\u00ebrua mbledhja e sotme e Komisionit t\u00eb Medias, ku deputet\u00eb t\u00eb opozit\u00ebs bllokuan punimet. Ishte Gazment Bardhi dhe deputeti Flamur Noka q\u00eb debatuan ashp\u00ebr me p\u00ebrfaq\u00ebsuesit e maxhoranc\u00ebs, por dhe me kryetaren e Komisionit, Flutura A\u00e7k\u00ebn. Nd\u00ebrkoh\u00eb, gjat\u00eb debatit, Bardhi ka replikuar dhe me kolegen e tij demokrate, Merita Bakiun, nd\u00ebrsa e &hellip;<\/p>\n","protected":false},"author":4,"featured_media":68925,"comment_status":"closed","ping_status":"closed","sticky":false,"template":"","format":"standard","meta":{"footnotes":""},"categories":[40],"tags":[],"class_list":["post-68924","post","type-post","status-publish","format-standard","has-post-thumbnail","","category-aktualitet"],"_links":{"self":[{"href":"https:\/\/rdnews.al\/index.php\/wp-json\/wp\/v2\/posts\/68924","targetHints":{"allow":["GET"]}}],"collection":[{"href":"https:\/\/rdnews.al\/index.php\/wp-json\/wp\/v2\/posts"}],"about":[{"href":"https:\/\/rdnews.al\/index.php\/wp-json\/wp\/v2\/types\/post"}],"author":[{"embeddable":true,"href":"https:\/\/rdnews.al\/index.php\/wp-json\/wp\/v2\/users\/4"}],"replies":[{"embeddable":true,"href":"https:\/\/rdnews.al\/index.php\/wp-json\/wp\/v2\/comments?post=68924"}],"version-history":[{"count":0,"href":"https:\/\/rdnews.al\/index.php\/wp-json\/wp\/v2\/posts\/68924\/revisions"}],"wp:featuredmedia":[{"embeddable":true,"href":"https:\/\/rdnews.al\/index.php\/wp-json\/wp\/v2\/media\/68925"}],"wp:attachment":[{"href":"https:\/\/rdnews.al\/index.php\/wp-json\/wp\/v2\/media?parent=68924"}],"wp:term":[{"taxonomy":"category","embeddable":true,"href":"https:\/\/rdnews.al\/index.php\/wp-json\/wp\/v2\/categories?post=68924"},{"taxonomy":"post_tag","embeddable":true,"href":"https:\/\/rdnews.al\/index.php\/wp-json\/wp\/v2\/tags?post=68924"}],"curies":[{"name":"wp","href":"https:\/\/api.w.org\/{rel}","templated":true}]}}