{"id":69062,"date":"2024-01-18T18:37:34","date_gmt":"2024-01-18T18:37:34","guid":{"rendered":"https:\/\/rdnews.al\/?p=69062"},"modified":"2024-01-18T18:37:34","modified_gmt":"2024-01-18T18:37:34","slug":"alimehmeti-rama-ka-vetem-nje-axhende-shpopullimin-dhe-largimin-e-shqiptareve","status":"publish","type":"post","link":"https:\/\/rdnews.al\/index.php\/2024\/01\/18\/alimehmeti-rama-ka-vetem-nje-axhende-shpopullimin-dhe-largimin-e-shqiptareve\/","title":{"rendered":"Alimehmeti: Rama ka vet\u00ebm nj\u00eb axhend\u00eb, shpopullimin dhe largimin e shqiptar\u00ebve!"},"content":{"rendered":"<p>Pjes\u00ebmarr\u00ebs n\u00eb &#8216;Rrug\u00ebn e Shpres\u00ebn&#8217; n\u00eb protest\u00eb kund\u00ebr arrestimit politik t\u00eb kryetarit t\u00eb PD dhe opozit\u00ebs s\u00eb bashkuar, Sali Berisha ishte dhe an\u00ebtari i k\u00ebshillit bashkiak,\u00a0Ilir Alimehmeti. Alimehemti u shpreh se, Rama ka vet\u00ebm axhend\u00ebn e shpopullimit dhe largimit t\u00eb shqiptar\u00ebve jasht\u00eb vendit.<\/p>\n<p>\u201cMir\u00ebmbr\u00ebma njer\u00ebz t\u00eb lir\u00eb, mir\u00ebmbr\u00ebma q\u00ebndrestarw!<\/p>\n<p>Un\u00eb jam nj\u00eb qytetar si ju, nj\u00eb familjar si ju dhe m\u00eb lejoni t\u00eb p\u00ebrsh\u00ebndes ju q\u00eb n\u00eb k\u00ebt\u00eb atmosfer\u00eb t\u00eb err\u00ebt jeni e vetmja drit\u00eb q\u00eb po largoni hijet.<\/p>\n<p>Hije q\u00eb n\u00eb dend\u00ebsin\u00eb m\u00eb t\u00eb madhe jan\u00eb 100 metra nga k\u00ebtu, atje te kryeministria. Mbani mend dhjet\u00eb vjet m\u00eb par\u00eb kur u grumbulluan hijet dhe q\u00eb n\u00eb at\u00eb koh\u00eb jan\u00eb shtuar.<\/p>\n<p>Mbani mend kur\u00a0 ishte thirrja thoni po Shqip\u00ebris\u00eb p\u00ebr sh\u00ebndet\u00ebsin\u00eb dhe i pari q\u00eb u ofrua ishte nj\u00eb biznesmen ku i rroki shqiptar\u00ebve 100 milion\u00eb euro m\u00eb koncesionin e sterilizimit.<\/p>\n<p>U premtuar sh\u00ebndet\u00ebsia falas, por OBSH thekson se 60 % t\u00eb parave dalin nga xhepat e juaj. Mbani mend kur thoni se 5% e PBB do t\u00eb shkonte p\u00ebr arsim dhe sot mezi i shkojn\u00eb 2% dhe k\u00ebt\u00eb po e b\u00ebn qeveria, 100 metra nga k\u00ebtu atje n\u00eb kryeministri.<\/p>\n<p>Ju tha student\u00ebve q\u00eb\u00a0 do t\u00eb p\u00ebrgjysmonte tarifat, por n\u00eb t\u00eb kund\u00ebrt ja dhjet\u00ebfishoi tarifat student\u00ebve t\u00eb sh\u00ebndet\u00ebsis\u00eb, dhe ata n\u00eb pamund\u00ebsi largohen nga Shqip\u00ebria dhe i thon\u00eb jo vendit.<\/p>\n<p>Tha do t\u2019i themi jo korrupsionit dhe n\u00eb vend q\u00eb ta luftonte n\u00eb epidemi lokale q\u00eb e kishte n\u00eb Shqip\u00ebri e d\u00ebrgoi n\u00eb Amerik\u00eb e b\u00ebri pandemi duke korruptuar atje zyrtar\u00eb t\u00eb lart\u00eb. Nga nj\u00ebri krah i thonte po Serbis\u00eb q\u00eb dhe ata shqiptar t\u00eb Kosov\u00ebs ti thonin Jo Shqip\u00ebris\u00eb por ata nuk e b\u00ebn\u00eb kurr\u00eb dhe e vetmja axhend\u00eb \u00ebsht\u00eb q\u00eb ti thon\u00eb jo Shqip\u00ebris\u00eb, qytetar\u00ebt, student\u00ebt, familjar\u00ebt\u201d, tha Alimehmeti.<\/p>\n","protected":false},"excerpt":{"rendered":"<p>Pjes\u00ebmarr\u00ebs n\u00eb &#8216;Rrug\u00ebn e Shpres\u00ebn&#8217; n\u00eb protest\u00eb kund\u00ebr arrestimit politik t\u00eb kryetarit t\u00eb PD dhe opozit\u00ebs s\u00eb bashkuar, Sali Berisha ishte dhe an\u00ebtari i k\u00ebshillit bashkiak,\u00a0Ilir Alimehmeti. Alimehemti u shpreh se, Rama ka vet\u00ebm axhend\u00ebn e shpopullimit dhe largimit t\u00eb shqiptar\u00ebve jasht\u00eb vendit. \u201cMir\u00ebmbr\u00ebma njer\u00ebz t\u00eb lir\u00eb, mir\u00ebmbr\u00ebma q\u00ebndrestarw! Un\u00eb jam nj\u00eb qytetar si ju, &hellip;<\/p>\n","protected":false},"author":4,"featured_media":69063,"comment_status":"closed","ping_status":"closed","sticky":false,"template":"","format":"standard","meta":{"footnotes":""},"categories":[37],"tags":[],"class_list":["post-69062","post","type-post","status-publish","format-standard","has-post-thumbnail","","category-politike"],"_links":{"self":[{"href":"https:\/\/rdnews.al\/index.php\/wp-json\/wp\/v2\/posts\/69062","targetHints":{"allow":["GET"]}}],"collection":[{"href":"https:\/\/rdnews.al\/index.php\/wp-json\/wp\/v2\/posts"}],"about":[{"href":"https:\/\/rdnews.al\/index.php\/wp-json\/wp\/v2\/types\/post"}],"author":[{"embeddable":true,"href":"https:\/\/rdnews.al\/index.php\/wp-json\/wp\/v2\/users\/4"}],"replies":[{"embeddable":true,"href":"https:\/\/rdnews.al\/index.php\/wp-json\/wp\/v2\/comments?post=69062"}],"version-history":[{"count":0,"href":"https:\/\/rdnews.al\/index.php\/wp-json\/wp\/v2\/posts\/69062\/revisions"}],"wp:featuredmedia":[{"embeddable":true,"href":"https:\/\/rdnews.al\/index.php\/wp-json\/wp\/v2\/media\/69063"}],"wp:attachment":[{"href":"https:\/\/rdnews.al\/index.php\/wp-json\/wp\/v2\/media?parent=69062"}],"wp:term":[{"taxonomy":"category","embeddable":true,"href":"https:\/\/rdnews.al\/index.php\/wp-json\/wp\/v2\/categories?post=69062"},{"taxonomy":"post_tag","embeddable":true,"href":"https:\/\/rdnews.al\/index.php\/wp-json\/wp\/v2\/tags?post=69062"}],"curies":[{"name":"wp","href":"https:\/\/api.w.org\/{rel}","templated":true}]}}