{"id":69065,"date":"2024-01-18T19:00:26","date_gmt":"2024-01-18T19:00:26","guid":{"rendered":"https:\/\/rdnews.al\/?p=69065"},"modified":"2024-01-18T19:00:26","modified_gmt":"2024-01-18T19:00:26","slug":"balliu-asgje-nuk-i-ndal-njerezit-e-lire-te-luftojne-dhe-fitojne","status":"publish","type":"post","link":"https:\/\/rdnews.al\/index.php\/2024\/01\/18\/balliu-asgje-nuk-i-ndal-njerezit-e-lire-te-luftojne-dhe-fitojne\/","title":{"rendered":"Balliu: Asgj\u00eb nuk i ndal njerezit e lir\u00eb t\u00eb luftojn\u00eb dhe fitojn\u00eb"},"content":{"rendered":"<p>N\u00eb fjal\u00ebn\u00a0 e tij gjat\u00eb tubimit n\u00eb mb\u00ebshtetje t\u00eb liderit t\u00eb opozit\u00ebs, shefi organizativ i PD, Klevis Balliu akuzoi kryeministrin Rama se po shkel kushtetut\u00ebn q\u00eb t\u00eb mbrohj\u00eb miqt\u00eb e tij Bajrat, Olta Xha\u00e7k\u00ebn, Ilir Beqajn\u2026<\/p>\n<p>\u201cJemi vendi i vetem ne europ ku lideri i opozites areestoht pa akuze pa prova pa asgje ndersa hajdutet e qeveris jane te lire si xhacka beqja rama veliaj dhe te gjith hadutet e pushtetit te ndyre.<\/p>\n<p>Rama eshte aleati i bandave i krimit ai lejoj te fusi cdo trafikant drige ne parlament por nuk lejoj te fuse studentet e mjeksis ne parlament.<br \/>\nJemi vendi me popullin me te varfer ne europ me kilometrin me te shtrejnt ne bote.<\/p>\n<p>Jemi vendi i vetem ne europ ku opozites nuk i lejohet te ngrej komisione hetimore<\/p>\n<p>Mafia kombetare dhe nderkombetare kerkoj te na largoj te na shpopulloj por asgje nuk i ndal njerezit e lire te luftojne.<\/p>\n<p>Sot nga kjo rruge , rruga e shpreses per rinine.<br \/>\nRruga e shpreses per lirine.<br \/>\nRruga e shpreses per pluralizmin ne qendrojme me te fort se kurre me te frymezuar se kurre.<\/p>\n<p>Tani ju ftoj te shkojme dhe te riemerojme kete rruge si rruga e shpreses\u201d, tha Balliu.<\/p>\n","protected":false},"excerpt":{"rendered":"<p>N\u00eb fjal\u00ebn\u00a0 e tij gjat\u00eb tubimit n\u00eb mb\u00ebshtetje t\u00eb liderit t\u00eb opozit\u00ebs, shefi organizativ i PD, Klevis Balliu akuzoi kryeministrin Rama se po shkel kushtetut\u00ebn q\u00eb t\u00eb mbrohj\u00eb miqt\u00eb e tij Bajrat, Olta Xha\u00e7k\u00ebn, Ilir Beqajn\u2026 \u201cJemi vendi i vetem ne europ ku lideri i opozites areestoht pa akuze pa prova pa asgje ndersa hajdutet &hellip;<\/p>\n","protected":false},"author":4,"featured_media":69066,"comment_status":"closed","ping_status":"closed","sticky":false,"template":"","format":"standard","meta":{"footnotes":""},"categories":[37],"tags":[],"class_list":["post-69065","post","type-post","status-publish","format-standard","has-post-thumbnail","","category-politike"],"_links":{"self":[{"href":"https:\/\/rdnews.al\/index.php\/wp-json\/wp\/v2\/posts\/69065","targetHints":{"allow":["GET"]}}],"collection":[{"href":"https:\/\/rdnews.al\/index.php\/wp-json\/wp\/v2\/posts"}],"about":[{"href":"https:\/\/rdnews.al\/index.php\/wp-json\/wp\/v2\/types\/post"}],"author":[{"embeddable":true,"href":"https:\/\/rdnews.al\/index.php\/wp-json\/wp\/v2\/users\/4"}],"replies":[{"embeddable":true,"href":"https:\/\/rdnews.al\/index.php\/wp-json\/wp\/v2\/comments?post=69065"}],"version-history":[{"count":0,"href":"https:\/\/rdnews.al\/index.php\/wp-json\/wp\/v2\/posts\/69065\/revisions"}],"wp:featuredmedia":[{"embeddable":true,"href":"https:\/\/rdnews.al\/index.php\/wp-json\/wp\/v2\/media\/69066"}],"wp:attachment":[{"href":"https:\/\/rdnews.al\/index.php\/wp-json\/wp\/v2\/media?parent=69065"}],"wp:term":[{"taxonomy":"category","embeddable":true,"href":"https:\/\/rdnews.al\/index.php\/wp-json\/wp\/v2\/categories?post=69065"},{"taxonomy":"post_tag","embeddable":true,"href":"https:\/\/rdnews.al\/index.php\/wp-json\/wp\/v2\/tags?post=69065"}],"curies":[{"name":"wp","href":"https:\/\/api.w.org\/{rel}","templated":true}]}}